{"id":112173,"date":"2019-11-04T14:14:41","date_gmt":"2019-11-04T13:14:41","guid":{"rendered":"https:\/\/zjarr.tv\/?p=112173"},"modified":"2019-11-04T14:14:41","modified_gmt":"2019-11-04T13:14:41","slug":"eurodeputetja-vaidere-shqiperia-te-llogarise-viktimat-e-komunizmit-sic-beri-me-viktimat-e-fashizmit","status":"publish","type":"post","link":"https:\/\/zjarr.tv\/sq\/eurodeputetja-vaidere-shqiperia-te-llogarise-viktimat-e-komunizmit-sic-beri-me-viktimat-e-fashizmit\/","title":{"rendered":"Eurodeputetja Vaidere: Shqip\u00ebria t\u00eb llogaris\u00eb viktimat e komunizmit, si\u00e7 b\u00ebri me viktimat e fashizmit"},"content":{"rendered":"<p>Inese Vaidere, deputete n\u00eb Parlamentin Europian, ka folur sot nga Shkodra p\u00ebr nevoj\u00ebn q\u00eb ka Shqip\u00ebria p\u00ebr t\u00eb d\u00ebnuar krimet e regjimit totalitar n\u00eb Shqip\u00ebri dhe ballafaqimin me at\u00eb periudh\u00eb, q\u00eb nuk \u00ebhst\u00eb e leht\u00eb.<\/p>\n<p>\u201cParlamenti europian sapo ka kaluar rezolut\u00ebn q\u00eb lidhet me krimet e sistemeve totalitare dhe nuk ishte nj\u00eb proces i leht\u00eb, &#8211; tha Vaidere. &#8211; Si\u00e7 thash\u00eb, nuk ishte proces i leht\u00eb. Por \u00ebsht\u00eb e domosdoshme q\u00eb t\u00eb ket\u00eb nj\u00eb p\u00ebrllogaritje t\u00eb humbjeve njer\u00ebzore nga sistemet totalitare.<\/p>\n<p>N\u00eb vendin tim e kemi b\u00ebr\u00eb dhe kemi nj\u00eb p\u00ebrllogaritje t\u00eb viktimave nga fashizmi apo nazizmi dhe Shqip\u00ebria duhet t\u00eb llogaris\u00eb dhe ballafaqoj\u00eb shifrat e viktimave t\u00eb komunizmit.<\/p>\n<div id=\"rekl-13\">\n<div id=\"__sap-ad-15\" class=\"__sap-ads __sap-html tracked\" data-title=\"Credins desktop 08\"><ins><\/p>\n<div id=\"beacon_67664d8147\"><\/div>\n<p><\/ins><\/div>\n<\/div>\n<p>Nuk \u00ebsht\u00eb e leht\u00eb, edhe n\u00eb Bashkimin Evropian n\u00eb parlament kishte z\u00ebra kund\u00ebr dhe kjo \u00ebsht\u00eb e paimagjinueshme. Kjo ekspozit\u00eb \u00ebsht\u00eb e jasht\u00ebzakonshme, k\u00ebto jan\u00eb fytyrat e vuajtjeve t\u00eb komunizmit dhe un\u00eb do t\u2019i marr me vete dhe do t\u2019i d\u00ebrgoj n\u00eb Parlamentin Evropian.<\/p>\n<p><iframe loading=\"lazy\" src=\"https:\/\/video.syri.net\/embed\/rasjNO32MvL6o44\" width=\"700\" height=\"400\" frameborder=\"0\" allowfullscreen=\"allowfullscreen\" data-mce-fragment=\"1\"><\/iframe><\/p>\n<p>Sipas meje, Ballkani \u00ebsht\u00eb duke ecur n\u00eb rrug\u00ebn e duhur dhe sigurisht do t\u00eb keni nj\u00eb drit\u00eb jeshile n\u00eb t\u00eb ardhmen, por nuk mund t\u00eb them se kur do t\u00eb ndodh\u00eb jo. Gjithsesi nuk duhet t\u00eb pushoni s\u00eb punuari n\u00eb kuad\u00ebr t\u00eb reformave, p\u00ebrmir\u00ebsimit t\u00eb situat\u00ebs n\u00eb vend dhe t\u00eb forcimit t\u00eb sundimit t\u00eb ligjit.<\/p>\n<p>BE sigurisht q\u00eb \u00ebsht\u00eb nj\u00eb organizat\u00eb e r\u00ebnd\u00ebsishme dhe demokratike. \u00a0N\u00eb momentin q\u00eb niveli i demokracis\u00eb do t\u2019i afrohet nivelit t\u00eb demokracis\u00eb s\u00eb BE, normalisht q\u00eb jeni t\u00eb mir\u00ebpritur. \u201c<\/p>\n<p>Lidhur me refuzimin q\u00eb iu b\u00eb Shqip\u00ebris\u00eb p\u00ebr \u00e7eljen e negociatave me BE, Vaidere tha: \u201cJo-ja nuk ishte vendim i Parlamentit Evropian dhe un\u00eb nuk kam \u00e7far\u00eb t\u00eb shtoj m\u00eb tep\u00ebr.\u201d<\/p>\n","protected":false},"excerpt":{"rendered":"<p>Inese Vaidere, deputete n\u00eb Parlamentin Europian, ka folur sot nga Shkodra p\u00ebr nevoj\u00ebn q\u00eb ka Shqip\u00ebria p\u00ebr t\u00eb d\u00ebnuar krimet e regjimit totalitar n\u00eb Shqip\u00ebri dhe ballafaqimin me at\u00eb periudh\u00eb, q\u00eb nuk \u00ebhst\u00eb e leht\u00eb. \u201cParlamenti europian sapo ka kaluar rezolut\u00ebn q\u00eb lidhet me krimet e sistemeve totalitare dhe nuk ishte nj\u00eb proces i leht\u00eb, [&hellip;]<\/p>\n","protected":false},"author":2013,"featured_media":112175,"comment_status":"open","ping_status":"closed","sticky":false,"template":"","format":"standard","meta":{"footnotes":""},"categories":[241,235],"tags":[],"class_list":{"0":"post-112173","1":"post","2":"type-post","3":"status-publish","4":"format-standard","5":"has-post-thumbnail","7":"category-aktualitet","8":"category-vendi"},"_links":{"self":[{"href":"https:\/\/zjarr.tv\/sq\/wp-json\/wp\/v2\/posts\/112173","targetHints":{"allow":["GET"]}}],"collection":[{"href":"https:\/\/zjarr.tv\/sq\/wp-json\/wp\/v2\/posts"}],"about":[{"href":"https:\/\/zjarr.tv\/sq\/wp-json\/wp\/v2\/types\/post"}],"author":[{"embeddable":true,"href":"https:\/\/zjarr.tv\/sq\/wp-json\/wp\/v2\/users\/2013"}],"replies":[{"embeddable":true,"href":"https:\/\/zjarr.tv\/sq\/wp-json\/wp\/v2\/comments?post=112173"}],"version-history":[{"count":0,"href":"https:\/\/zjarr.tv\/sq\/wp-json\/wp\/v2\/posts\/112173\/revisions"}],"wp:featuredmedia":[{"embeddable":true,"href":"https:\/\/zjarr.tv\/sq\/wp-json\/wp\/v2\/media\/112175"}],"wp:attachment":[{"href":"https:\/\/zjarr.tv\/sq\/wp-json\/wp\/v2\/media?parent=112173"}],"wp:term":[{"taxonomy":"category","embeddable":true,"href":"https:\/\/zjarr.tv\/sq\/wp-json\/wp\/v2\/categories?post=112173"},{"taxonomy":"post_tag","embeddable":true,"href":"https:\/\/zjarr.tv\/sq\/wp-json\/wp\/v2\/tags?post=112173"}],"curies":[{"name":"wp","href":"https:\/\/api.w.org\/{rel}","templated":true}]}}