{"id":112234,"date":"2019-11-04T15:29:41","date_gmt":"2019-11-04T14:29:41","guid":{"rendered":"https:\/\/zjarr.tv\/?p=112234"},"modified":"2019-11-04T15:29:41","modified_gmt":"2019-11-04T14:29:41","slug":"gjykata-rrezon-veliajn-gjobat-ndaj-pd-se-per-tubimet-te-paligjshme","status":"publish","type":"post","link":"https:\/\/zjarr.tv\/sq\/gjykata-rrezon-veliajn-gjobat-ndaj-pd-se-per-tubimet-te-paligjshme\/","title":{"rendered":"Gjykata rr\u00ebzon Veliajn\/ Gjobat ndaj PD-s\u00eb p\u00ebr tubimet, t\u00eb paligjshme"},"content":{"rendered":"<p>Gjykata Administrative e Tiran\u00ebs rr\u00ebzon Bashkin\u00eb e Tiran\u00ebs dhe konstaton se gjobitja e Partis\u00eb Demokratike p\u00ebr protestat ka qen\u00eb e paligjshme.<\/p>\n<p>N\u00eb nj\u00eb njoftim p\u00ebr mediat, seli blu ka b\u00ebr\u00eb t\u00eb ditur se, \u2018sot gjykata Administrative e Tiran\u00ebs ka shfuqizuar t\u00eb gjitha gjobat q\u00eb Bashkia Tiran\u00eb i kishte vendosur Partis\u00eb Demokratike p\u00ebr d\u00ebme gjat\u00eb protestave komb\u00ebtare.<\/p>\n<p>Gjykata ka vler\u00ebsuar se Bashkia Tiran\u00eb ka shkelur ligjit dhe ka urdh\u00ebruar:<\/p>\n<div id=\"rekl-13\">\n<div id=\"__sap-ad-15\" class=\"__sap-ads __sap-html tracked\" data-title=\"Credins desktop 08\"><ins><\/p>\n<div id=\"beacon_a11564872e\"><\/div>\n<p><\/ins><\/div>\n<\/div>\n<p>Shfuqizimin e akteve administrative te Agjencise se Mbrojtjes se Konsumatorit:<\/p>\n<p>&#8211; \u2018Akt Konstatimi mbi kundervajtjet administrative\u2019 Nr. 0041738, date 16.02.2019;<\/p>\n<p>&#8211; \u2018Procesverbal mbi kundervajtjet administrative\u2019 Nr. 007428, date 16.02.2019;<\/p>\n<p>&#8211; \u2018Procesverbal shoqerues i percaktimit te demshperblimit mbi kundervajtjet administrative\u2019 Nr. 001201, date 16.02.2019; dhe<\/p>\n<p>Shfuqizimin e Vendimit Nr. 17553, date 24.04.2019 te Kryetarit te Bashkise Tirane\u2019.<\/p>\n","protected":false},"excerpt":{"rendered":"<p>Gjykata Administrative e Tiran\u00ebs rr\u00ebzon Bashkin\u00eb e Tiran\u00ebs dhe konstaton se gjobitja e Partis\u00eb Demokratike p\u00ebr protestat ka qen\u00eb e paligjshme. N\u00eb nj\u00eb njoftim p\u00ebr mediat, seli blu ka b\u00ebr\u00eb t\u00eb ditur se, \u2018sot gjykata Administrative e Tiran\u00ebs ka shfuqizuar t\u00eb gjitha gjobat q\u00eb Bashkia Tiran\u00eb i kishte vendosur Partis\u00eb Demokratike p\u00ebr d\u00ebme gjat\u00eb protestave [&hellip;]<\/p>\n","protected":false},"author":2013,"featured_media":112238,"comment_status":"open","ping_status":"closed","sticky":false,"template":"","format":"standard","meta":{"footnotes":""},"categories":[241,235],"tags":[],"class_list":{"0":"post-112234","1":"post","2":"type-post","3":"status-publish","4":"format-standard","5":"has-post-thumbnail","7":"category-aktualitet","8":"category-vendi"},"_links":{"self":[{"href":"https:\/\/zjarr.tv\/sq\/wp-json\/wp\/v2\/posts\/112234","targetHints":{"allow":["GET"]}}],"collection":[{"href":"https:\/\/zjarr.tv\/sq\/wp-json\/wp\/v2\/posts"}],"about":[{"href":"https:\/\/zjarr.tv\/sq\/wp-json\/wp\/v2\/types\/post"}],"author":[{"embeddable":true,"href":"https:\/\/zjarr.tv\/sq\/wp-json\/wp\/v2\/users\/2013"}],"replies":[{"embeddable":true,"href":"https:\/\/zjarr.tv\/sq\/wp-json\/wp\/v2\/comments?post=112234"}],"version-history":[{"count":0,"href":"https:\/\/zjarr.tv\/sq\/wp-json\/wp\/v2\/posts\/112234\/revisions"}],"wp:featuredmedia":[{"embeddable":true,"href":"https:\/\/zjarr.tv\/sq\/wp-json\/wp\/v2\/media\/112238"}],"wp:attachment":[{"href":"https:\/\/zjarr.tv\/sq\/wp-json\/wp\/v2\/media?parent=112234"}],"wp:term":[{"taxonomy":"category","embeddable":true,"href":"https:\/\/zjarr.tv\/sq\/wp-json\/wp\/v2\/categories?post=112234"},{"taxonomy":"post_tag","embeddable":true,"href":"https:\/\/zjarr.tv\/sq\/wp-json\/wp\/v2\/tags?post=112234"}],"curies":[{"name":"wp","href":"https:\/\/api.w.org\/{rel}","templated":true}]}}