{"id":112239,"date":"2019-11-04T15:30:25","date_gmt":"2019-11-04T14:30:25","guid":{"rendered":"https:\/\/zjarr.tv\/?p=112239"},"modified":"2019-11-04T15:30:25","modified_gmt":"2019-11-04T14:30:25","slug":"z-kryeminister-mos-beni-te-cuditurin-ju-po-na-coni-ne-nje-tragjedi-te-trete","status":"publish","type":"post","link":"https:\/\/zjarr.tv\/sq\/z-kryeminister-mos-beni-te-cuditurin-ju-po-na-coni-ne-nje-tragjedi-te-trete\/","title":{"rendered":"Z.Kryeminist\u00ebr, mos b\u00ebni t\u00eb \u00e7uditurin! Ju po na \u00e7oni n\u00eb nj\u00eb tragjedi t\u00eb tret\u00eb!"},"content":{"rendered":"<div class=\"readmore-text-here\">\n<p><strong>Nga Tritan Shehu.<\/strong><\/p>\n<p>Rama teatral po proteston n\u00eb \u201cFinancial Times\u201d ndaj Franc\u00ebs e Brukselit p\u00ebr bllokimin prej 5 vitesh t\u00eb procesit t\u00eb integrimit, duke folur p\u00ebr nj\u00eb shk\u00ebputje t\u00eb tret\u00eb!<\/p>\n<p>\u00cbsht\u00eb e v\u00ebrtet\u00eb q\u00eb shqiptar\u00ebt n\u00eb histori kan\u00eb pasur dy periudha tragjike, ato t\u00eb shk\u00ebputjes s\u00eb dhunshme nga Evropa, gjat\u00eb sundimit otoman dhe atij komunist.<\/p>\n<p>Fatkeq\u00ebsisht n\u00ebn sundimin e Rilindjes po rrezikojm\u00eb p\u00ebr t\u00eb tret\u00ebn\u00a0her\u00eb k\u00ebt\u00eb tragjedi, duke stopuar integrimin e nd\u00ebrtuar k\u00ebtu nj\u00eb autokraci lindore.<\/p>\n<p>Shteti i sot\u00ebm, arroganca, sistemi i drejt\u00ebsis\u00eb i dekapituar, \u201cKuvendi\u201d 122-sh, pushteti lokal i em\u00ebruar, grupet kriminale e droga q\u00eb kontrollojn\u00eb institucionet e deri te eksodet masive t\u00eb qytetar\u00ebve tan\u00eb, m\u00eb shum\u00eb se nga Afganistani e Siria, flasin p\u00ebr nj\u00eb devijim t\u00eb demokracis\u00eb per\u00ebndimore drejt nj\u00eb despotozmi lindor.<\/p>\n<p>Politikat tuaja t\u00eb jashtme, lidhjet, aleancat, preferencat personale e deri te kondicionimet q\u00eb ju imponohen, predominojn\u00eb duksh\u00ebm me Lindjen.<\/p>\n<p>Nd\u00ebrsa sot po \u00e7uditeni pse Evropa, jo vet\u00ebm Franca, \u00ebsht\u00eb skeptike e po bllokon integrimin ton\u00eb prej vitit 2015, kur Macron mbas t\u00eb cilit ju tentoni t\u00eb fshiheni, nuk ishte akoma President.<\/p>\n<p>Shkakun k\u00ebrkojeni te politikat tuaja, deformimet e thella t\u00eb demokracis\u00eb q\u00eb u krijuan n\u00eb k\u00ebto 6 vite, te modeli lindor q\u00eb doni t\u00eb nd\u00ebrtoni n\u00eb nj\u00eb vend per\u00ebndimor, duke rrezikuar k\u00ebshtu nj\u00eb tragjedi t\u00eb tret\u00eb p\u00ebr shqiptar\u00ebt.<\/p>\n<p>Ve\u00e7se koh\u00ebt kan\u00eb ndryshuar, shqiptar\u00ebt nuk do t\u2019ia lejojn\u00eb m\u00eb askujt nj\u00eb katastrof\u00eb t\u00eb till\u00eb.<\/p>\n<\/div>\n<div id=\"rekl-33\"><\/div>\n","protected":false},"excerpt":{"rendered":"<p>Nga Tritan Shehu. Rama teatral po proteston n\u00eb \u201cFinancial Times\u201d ndaj Franc\u00ebs e Brukselit p\u00ebr bllokimin prej 5 vitesh t\u00eb procesit t\u00eb integrimit, duke folur p\u00ebr nj\u00eb shk\u00ebputje t\u00eb tret\u00eb! \u00cbsht\u00eb e v\u00ebrtet\u00eb q\u00eb shqiptar\u00ebt n\u00eb histori kan\u00eb pasur dy periudha tragjike, ato t\u00eb shk\u00ebputjes s\u00eb dhunshme nga Evropa, gjat\u00eb sundimit otoman dhe atij komunist. [&hellip;]<\/p>\n","protected":false},"author":2013,"featured_media":58847,"comment_status":"open","ping_status":"closed","sticky":false,"template":"","format":"standard","meta":{"footnotes":""},"categories":[241,235],"tags":[],"class_list":{"0":"post-112239","1":"post","2":"type-post","3":"status-publish","4":"format-standard","5":"has-post-thumbnail","7":"category-aktualitet","8":"category-vendi"},"_links":{"self":[{"href":"https:\/\/zjarr.tv\/sq\/wp-json\/wp\/v2\/posts\/112239","targetHints":{"allow":["GET"]}}],"collection":[{"href":"https:\/\/zjarr.tv\/sq\/wp-json\/wp\/v2\/posts"}],"about":[{"href":"https:\/\/zjarr.tv\/sq\/wp-json\/wp\/v2\/types\/post"}],"author":[{"embeddable":true,"href":"https:\/\/zjarr.tv\/sq\/wp-json\/wp\/v2\/users\/2013"}],"replies":[{"embeddable":true,"href":"https:\/\/zjarr.tv\/sq\/wp-json\/wp\/v2\/comments?post=112239"}],"version-history":[{"count":0,"href":"https:\/\/zjarr.tv\/sq\/wp-json\/wp\/v2\/posts\/112239\/revisions"}],"wp:featuredmedia":[{"embeddable":true,"href":"https:\/\/zjarr.tv\/sq\/wp-json\/wp\/v2\/media\/58847"}],"wp:attachment":[{"href":"https:\/\/zjarr.tv\/sq\/wp-json\/wp\/v2\/media?parent=112239"}],"wp:term":[{"taxonomy":"category","embeddable":true,"href":"https:\/\/zjarr.tv\/sq\/wp-json\/wp\/v2\/categories?post=112239"},{"taxonomy":"post_tag","embeddable":true,"href":"https:\/\/zjarr.tv\/sq\/wp-json\/wp\/v2\/tags?post=112239"}],"curies":[{"name":"wp","href":"https:\/\/api.w.org\/{rel}","templated":true}]}}