{"id":112443,"date":"2019-11-06T12:43:46","date_gmt":"2019-11-06T11:43:46","guid":{"rendered":"https:\/\/zjarr.tv\/?p=112443"},"modified":"2019-11-06T12:43:46","modified_gmt":"2019-11-06T11:43:46","slug":"pas-shperthimit-ne-fier-policia-arreston-pronarin-e-biznesit","status":"publish","type":"post","link":"https:\/\/zjarr.tv\/sq\/pas-shperthimit-ne-fier-policia-arreston-pronarin-e-biznesit\/","title":{"rendered":"Pas shp\u00ebrthimit n\u00eb Fier, policia arreston pronarin e biznesit"},"content":{"rendered":"<div class=\"readmore-text-here\">\n<p>Nj\u00eb dit\u00eb pasi shp\u00ebrtheu nj\u00eb pik\u00eb gazi n\u00eb Fier, policia ka v\u00ebn\u00eb n\u00eb pranga pronarin e kompanis\u00eb, p\u00ebr shkak t\u00eb siguris\u00eb s\u00eb dob\u00ebt n\u00eb pun\u00eb. Sokol Me\u00e7e, 62-vje\u00e7, akuzohet p\u00ebr \u201cShkelje e rregullave mbi l\u00ebnd\u00ebt plas\u00ebse djeg\u00ebse dhe radiokative\u201d dhe \u201cShkelja e rregullave t\u00eb mbrojtjes n\u00eb pun\u00eb\u201d e mbetur n\u00eb tentativ\u00eb.<\/p>\n<p><strong>Njoftimi i policis\u00eb:<\/strong><\/p>\n<p>Specialist\u00ebt p\u00ebr Hetimin e Krimeve n\u00eb Komisariatin e Policis\u00eb Fier arrestuan shtetasin:<\/p>\n<div id=\"rekl-13\">\n<div id=\"__sap-ad-15\" class=\"__sap-ads __sap-html tracked\" data-title=\"Credins desktop 08\"><ins><\/p>\n<div id=\"beacon_0abbe28f34\"><\/div>\n<p><\/ins><\/div>\n<\/div>\n<p>\u2022S.M., 62 vje\u00e7, banues n\u00eb Fier.<\/p>\n<p>Arrestimi i k\u00ebtij shtetasi u b\u00eb pasi n\u00eb pik\u00ebn e furnizimit me gaz t\u00eb automjeteve n\u00eb fshatin Port\u00ebz, n\u00eb pron\u00ebsi t\u00eb k\u00ebtij shtetasi, ka r\u00ebn\u00eb zjarr\u00eb dhe si pasoj\u00eb ka pasur shp\u00ebrthim, ku jan\u00eb d\u00ebmtuar banesa e godina p\u00ebrreth.<\/p>\n<p>Materialet i kaluan Prokuroris\u00eb Pran\u00eb Gjykat\u00ebs s\u00eb Shkall\u00ebs s\u00eb par\u00eb Fier, p\u00ebr veprime t\u00eb m\u00ebtejshme p\u00ebr vepr\u00ebn penale \u201cShkelje e rregullave mbi l\u00ebnd\u00ebt plas\u00ebse djeg\u00ebse dhe radiokative\u201d dhe \u201cShkelja e rregullave t\u00eb mbrojtjes n\u00eb pun\u00eb\u201d e mbetur n\u00eb tentativ\u00eb.<\/p>\n<p>&nbsp;<\/p>\n<\/div>\n<div id=\"rekl-33\"><\/div>\n","protected":false},"excerpt":{"rendered":"<p>Nj\u00eb dit\u00eb pasi shp\u00ebrtheu nj\u00eb pik\u00eb gazi n\u00eb Fier, policia ka v\u00ebn\u00eb n\u00eb pranga pronarin e kompanis\u00eb, p\u00ebr shkak t\u00eb siguris\u00eb s\u00eb dob\u00ebt n\u00eb pun\u00eb. Sokol Me\u00e7e, 62-vje\u00e7, akuzohet p\u00ebr \u201cShkelje e rregullave mbi l\u00ebnd\u00ebt plas\u00ebse djeg\u00ebse dhe radiokative\u201d dhe \u201cShkelja e rregullave t\u00eb mbrojtjes n\u00eb pun\u00eb\u201d e mbetur n\u00eb tentativ\u00eb. Njoftimi i policis\u00eb: Specialist\u00ebt [&hellip;]<\/p>\n","protected":false},"author":2013,"featured_media":112444,"comment_status":"open","ping_status":"closed","sticky":false,"template":"","format":"standard","meta":{"footnotes":""},"categories":[241,235],"tags":[],"class_list":{"0":"post-112443","1":"post","2":"type-post","3":"status-publish","4":"format-standard","5":"has-post-thumbnail","7":"category-aktualitet","8":"category-vendi"},"_links":{"self":[{"href":"https:\/\/zjarr.tv\/sq\/wp-json\/wp\/v2\/posts\/112443","targetHints":{"allow":["GET"]}}],"collection":[{"href":"https:\/\/zjarr.tv\/sq\/wp-json\/wp\/v2\/posts"}],"about":[{"href":"https:\/\/zjarr.tv\/sq\/wp-json\/wp\/v2\/types\/post"}],"author":[{"embeddable":true,"href":"https:\/\/zjarr.tv\/sq\/wp-json\/wp\/v2\/users\/2013"}],"replies":[{"embeddable":true,"href":"https:\/\/zjarr.tv\/sq\/wp-json\/wp\/v2\/comments?post=112443"}],"version-history":[{"count":0,"href":"https:\/\/zjarr.tv\/sq\/wp-json\/wp\/v2\/posts\/112443\/revisions"}],"wp:featuredmedia":[{"embeddable":true,"href":"https:\/\/zjarr.tv\/sq\/wp-json\/wp\/v2\/media\/112444"}],"wp:attachment":[{"href":"https:\/\/zjarr.tv\/sq\/wp-json\/wp\/v2\/media?parent=112443"}],"wp:term":[{"taxonomy":"category","embeddable":true,"href":"https:\/\/zjarr.tv\/sq\/wp-json\/wp\/v2\/categories?post=112443"},{"taxonomy":"post_tag","embeddable":true,"href":"https:\/\/zjarr.tv\/sq\/wp-json\/wp\/v2\/tags?post=112443"}],"curies":[{"name":"wp","href":"https:\/\/api.w.org\/{rel}","templated":true}]}}