{"id":112467,"date":"2019-11-06T12:55:39","date_gmt":"2019-11-06T11:55:39","guid":{"rendered":"https:\/\/zjarr.tv\/?p=112467"},"modified":"2019-11-06T12:55:39","modified_gmt":"2019-11-06T11:55:39","slug":"bushati-ironizon-rezoluten-e-ps-nuk-jemi-vend-dordolec-nuk-qerohen-keshtu-hesapet-me-bashen","status":"publish","type":"post","link":"https:\/\/zjarr.tv\/sq\/bushati-ironizon-rezoluten-e-ps-nuk-jemi-vend-dordolec-nuk-qerohen-keshtu-hesapet-me-bashen\/","title":{"rendered":"Bushati ironizon rezolut\u00ebn e PS: Nuk jemi vend dordolec, nuk q\u00ebrohen k\u00ebshtu hesapet me Bash\u00ebn"},"content":{"rendered":"<p>Komisioni i Jasht\u00ebm nisi diskutimet p\u00ebr projekt-rezolut\u00ebn \u201cP\u00ebr Nd\u00ebrhyrjet e Huaja n\u00eb Proceset Elektorale dhe Dezinformimin n\u00eb Proceset Demokratike Komb\u00ebtare\u201d e njohur ndryshe edhe si rezoluta kund\u00ebr rrezikut rus.<\/p>\n<p>Kreu i grupit parlamentar t\u00eb PS, Taulant Balla, gjat\u00eb fjal\u00ebs s\u00eb tij n\u00eb komision, tha se vendi yn\u00eb nuk mund t\u00eb jet\u00eb imun ndaj dezinformimit, ndaj p\u00ebr k\u00ebt\u00eb arsye \u00ebsht\u00eb depozituar dhe kjo projektrezolut\u00eb q\u00eb mban t\u00eb nj\u00ebjtin em\u00ebr me at\u00eb t\u00eb Parlamentit Europian.<\/p>\n<p>Por i ashp\u00ebr ishte reagimi i ish-ministrit t\u00eb jasht\u00ebm socialist, Ditmir Bushati.<\/p>\n<div id=\"rekl-13\">\n<div id=\"__sap-ad-15\" class=\"__sap-ads __sap-html tracked\" data-title=\"Credins desktop 08\"><ins><\/p>\n<div id=\"beacon_739263d686\"><\/div>\n<p><\/ins><\/div>\n<\/div>\n<p>Fillimisht ai pyeti n\u00ebse kjo inicativ\u00eb \u00ebsht\u00eb konsultuar me qeverin\u00eb. \u201c\u00cbsht\u00eb nj\u00ebsoj sikur t\u00eb heqim TVSH-n\u00eb, pa pyetur qeverin\u00ebm\u201d tha ai.<\/p>\n<p>\u201cQ\u00eb n\u00eb titull kemi nj\u00eb gabim. Kam b\u00ebr\u00eb k\u00ebrkim dhe asjn\u00eb prej parlamenteve europiane nuk ka shkuar n\u00eb k\u00ebt\u00eb proces. Na duhet informacion nga qeveria se cilat jan\u00eb vendet e Ballkanit, t\u00eb cilat e kan\u00eb nd\u00ebrmarr\u00eb k\u00ebt\u00eb nism\u00eb,\u201d tha Bushati.<\/p>\n<p>\u201cNe jemi vend trojk\u00eb me Italin\u00eb dhe Sllovenin\u00eb p\u00ebr marrjen e OSBE-s\u00eb. Duhet t\u00eb dim\u00eb edhe q\u00ebndrimet e k\u00ebtyre dy vendeve\u201d, shtoi.<\/p>\n<p><em>\u201cPor n\u00ebse miratojm\u00eb k\u00ebt\u00eb rezolut\u00eb, e z\u00ebn\u00eb jam Edi Rama kryeminist\u00ebr, \u00e7far\u00eb objektivash me keni vendosur n\u00eb k\u00ebt\u00eb dokument? \u00c7far\u00eb mekanizmash dhe \u00e7far\u00eb detyrash me keni dh\u00ebn\u00eb q\u00eb nuk i kemi b\u00ebr\u00eb deri m\u00eb sot?\u201d<\/em>, u shpreh ai.<\/p>\n<p>Ish-ministri tha se n\u00eb dokument nuk p\u00ebrmendet prania e Shqip\u00ebris\u00eb n\u00eb NATO. \u201cN\u00eb rast se jemi p\u00ebrball\u00eb k\u00ebtij k\u00ebrc\u00ebnimi, \u00e7do dy vjet ministria e Mbrojtjes p\u00ebrdit\u00ebson nj\u00eb dokument q\u00eb b\u00ebhet n\u00eb bashk\u00ebpunim me NATO-n, n\u00eb m\u00ebnyr\u00eb periodike rishikohet siguria komb\u00ebtare. Pse nuk shkojm\u00eb te strategjia e siguris\u00eb komb\u00ebtare. Ka nj\u00eb metodologji BE q\u00eb e mat performanc\u00ebn e k\u00ebtyre vendeve. Prap\u00eb po ju them se ky nuk \u00ebsht\u00eb rasti\u201d, tha Bushati.<\/p>\n<p>Pasi Balla p\u00ebrmendi akuzat ndaj PD-s\u00eb dhe Lulzim Bash\u00ebs p\u00ebr financimet me ndikim rus.<\/p>\n<p>Por Bushati tha se nuk q\u00ebrohen hesapet me Bash\u00ebn duke p\u00ebrfshir\u00eb aktor\u00eb t\u00eb tjer\u00eb.<\/p>\n<p><em>\u201cP\u00ebr mua Lulzim Basha nuk ekziston fare. Nuk mund t\u00eb marrim si referenc\u00eb Lulzim Bash\u00ebn. Edhe sikur 10 pal\u00eb zgjedhje t\u00eb b\u00ebjm\u00eb ne do ta mundim Lulzim Bash\u00ebn. Nuk i q\u00ebrojm\u00eb dot politikisht hesapet me Lulzim Bash\u00ebn, duke p\u00ebrfshir\u00eb aktor\u00eb t\u00eb tjer\u00eb\u201d<\/em>.<\/p>\n<p>\u201cKy nuk \u00ebsht\u00eb vend dordolec, \u00ebsht\u00eb vend an\u00ebtar i NATO-s,\u201d tha ish-ministri.<\/p>\n<p>Rezoluta u miratua, por Bushati dha vot\u00ebn kund\u00ebr.<\/p>\n","protected":false},"excerpt":{"rendered":"<p>Komisioni i Jasht\u00ebm nisi diskutimet p\u00ebr projekt-rezolut\u00ebn \u201cP\u00ebr Nd\u00ebrhyrjet e Huaja n\u00eb Proceset Elektorale dhe Dezinformimin n\u00eb Proceset Demokratike Komb\u00ebtare\u201d e njohur ndryshe edhe si rezoluta kund\u00ebr rrezikut rus. Kreu i grupit parlamentar t\u00eb PS, Taulant Balla, gjat\u00eb fjal\u00ebs s\u00eb tij n\u00eb komision, tha se vendi yn\u00eb nuk mund t\u00eb jet\u00eb imun ndaj dezinformimit, ndaj [&hellip;]<\/p>\n","protected":false},"author":2013,"featured_media":62001,"comment_status":"open","ping_status":"closed","sticky":false,"template":"","format":"standard","meta":{"footnotes":""},"categories":[241,235],"tags":[],"class_list":{"0":"post-112467","1":"post","2":"type-post","3":"status-publish","4":"format-standard","5":"has-post-thumbnail","7":"category-aktualitet","8":"category-vendi"},"_links":{"self":[{"href":"https:\/\/zjarr.tv\/sq\/wp-json\/wp\/v2\/posts\/112467","targetHints":{"allow":["GET"]}}],"collection":[{"href":"https:\/\/zjarr.tv\/sq\/wp-json\/wp\/v2\/posts"}],"about":[{"href":"https:\/\/zjarr.tv\/sq\/wp-json\/wp\/v2\/types\/post"}],"author":[{"embeddable":true,"href":"https:\/\/zjarr.tv\/sq\/wp-json\/wp\/v2\/users\/2013"}],"replies":[{"embeddable":true,"href":"https:\/\/zjarr.tv\/sq\/wp-json\/wp\/v2\/comments?post=112467"}],"version-history":[{"count":0,"href":"https:\/\/zjarr.tv\/sq\/wp-json\/wp\/v2\/posts\/112467\/revisions"}],"wp:featuredmedia":[{"embeddable":true,"href":"https:\/\/zjarr.tv\/sq\/wp-json\/wp\/v2\/media\/62001"}],"wp:attachment":[{"href":"https:\/\/zjarr.tv\/sq\/wp-json\/wp\/v2\/media?parent=112467"}],"wp:term":[{"taxonomy":"category","embeddable":true,"href":"https:\/\/zjarr.tv\/sq\/wp-json\/wp\/v2\/categories?post=112467"},{"taxonomy":"post_tag","embeddable":true,"href":"https:\/\/zjarr.tv\/sq\/wp-json\/wp\/v2\/tags?post=112467"}],"curies":[{"name":"wp","href":"https:\/\/api.w.org\/{rel}","templated":true}]}}