{"id":112477,"date":"2019-11-06T12:59:53","date_gmt":"2019-11-06T11:59:53","guid":{"rendered":"https:\/\/zjarr.tv\/?p=112477"},"modified":"2019-11-06T12:59:53","modified_gmt":"2019-11-06T11:59:53","slug":"vetoja-e-frances-per-negociatat-ambasadorja-kerkon-te-fokusohemi-te-takimi-i-zagrebit","status":"publish","type":"post","link":"https:\/\/zjarr.tv\/sq\/vetoja-e-frances-per-negociatat-ambasadorja-kerkon-te-fokusohemi-te-takimi-i-zagrebit\/","title":{"rendered":"Vetoja e Franc\u00ebs p\u00ebr negociatat, Ambasadorja k\u00ebrkon t\u00eb fokusohemi te takimi i Zagrebit"},"content":{"rendered":"<p>Ambasadorja franceze n\u00eb vendin ton\u00eb, Christine Vasak, ka folur s\u00ebrish nga Elbasani p\u00ebr q\u00ebndrimin e Franc\u00ebs lidhur me zgjerimin e BE.<\/p>\n<p>Sipas saj, \u00ebsht\u00eb momenti q\u00eb gj\u00ebrat t\u00eb fillojn\u00eb t\u00eb merren nga baza.<\/p>\n<p>Sipas saj, vendimi i 18 tetorit nga K\u00ebshillit Europian nuk i mbyll dyert Shqip\u00ebris\u00eb dhe Maqedonis\u00eb s\u00eb Veriut pasi \u00ebsht\u00eb vendim solem.<\/p>\n<p>Ajo vuri theksin tek takimi i ardhsh\u00ebm n\u00eb Zagreb, ku do t\u00eb diskutohet s\u00ebrish hapja e negociatave p\u00ebr dy vendet e Ballkanit Per\u00ebndimor.<\/p>\n<p>Ambasadorja \u00a0franceze theksoi se Shqip\u00ebria duhet t\u00eb ket\u00eb t\u00eb qart\u00eb se Presidenti francez \u00ebsht\u00eb shprehur qart\u00eb mbi mb\u00ebshtetjen q\u00eb do ti jap\u00eb Shqip\u00ebris\u00eb dhe vendeve t\u00eb tjera q\u00eb aspirojn\u00eb t\u00eb jen\u00eb pjes\u00eb e BE.<\/p>\n","protected":false},"excerpt":{"rendered":"<p>Ambasadorja franceze n\u00eb vendin ton\u00eb, Christine Vasak, ka folur s\u00ebrish nga Elbasani p\u00ebr q\u00ebndrimin e Franc\u00ebs lidhur me zgjerimin e BE. Sipas saj, \u00ebsht\u00eb momenti q\u00eb gj\u00ebrat t\u00eb fillojn\u00eb t\u00eb merren nga baza. Sipas saj, vendimi i 18 tetorit nga K\u00ebshillit Europian nuk i mbyll dyert Shqip\u00ebris\u00eb dhe Maqedonis\u00eb s\u00eb Veriut pasi \u00ebsht\u00eb vendim solem. [&hellip;]<\/p>\n","protected":false},"author":2013,"featured_media":112478,"comment_status":"open","ping_status":"closed","sticky":false,"template":"","format":"standard","meta":{"footnotes":""},"categories":[241,235],"tags":[],"class_list":{"0":"post-112477","1":"post","2":"type-post","3":"status-publish","4":"format-standard","5":"has-post-thumbnail","7":"category-aktualitet","8":"category-vendi"},"_links":{"self":[{"href":"https:\/\/zjarr.tv\/sq\/wp-json\/wp\/v2\/posts\/112477","targetHints":{"allow":["GET"]}}],"collection":[{"href":"https:\/\/zjarr.tv\/sq\/wp-json\/wp\/v2\/posts"}],"about":[{"href":"https:\/\/zjarr.tv\/sq\/wp-json\/wp\/v2\/types\/post"}],"author":[{"embeddable":true,"href":"https:\/\/zjarr.tv\/sq\/wp-json\/wp\/v2\/users\/2013"}],"replies":[{"embeddable":true,"href":"https:\/\/zjarr.tv\/sq\/wp-json\/wp\/v2\/comments?post=112477"}],"version-history":[{"count":0,"href":"https:\/\/zjarr.tv\/sq\/wp-json\/wp\/v2\/posts\/112477\/revisions"}],"wp:featuredmedia":[{"embeddable":true,"href":"https:\/\/zjarr.tv\/sq\/wp-json\/wp\/v2\/media\/112478"}],"wp:attachment":[{"href":"https:\/\/zjarr.tv\/sq\/wp-json\/wp\/v2\/media?parent=112477"}],"wp:term":[{"taxonomy":"category","embeddable":true,"href":"https:\/\/zjarr.tv\/sq\/wp-json\/wp\/v2\/categories?post=112477"},{"taxonomy":"post_tag","embeddable":true,"href":"https:\/\/zjarr.tv\/sq\/wp-json\/wp\/v2\/tags?post=112477"}],"curies":[{"name":"wp","href":"https:\/\/api.w.org\/{rel}","templated":true}]}}