{"id":112490,"date":"2019-11-06T13:05:55","date_gmt":"2019-11-06T12:05:55","guid":{"rendered":"https:\/\/zjarr.tv\/?p=112490"},"modified":"2019-11-06T13:05:55","modified_gmt":"2019-11-06T12:05:55","slug":"skemi-ku-te-ankohemi-nuk-kemi-para-per-te-paguar-ne-gjykata-qytetari-i-ankohet-kryeministrit-rama-zbulon-planin-e-ri-cfare-pritet-pas-1-janarit","status":"publish","type":"post","link":"https:\/\/zjarr.tv\/sq\/skemi-ku-te-ankohemi-nuk-kemi-para-per-te-paguar-ne-gjykata-qytetari-i-ankohet-kryeministrit-rama-zbulon-planin-e-ri-cfare-pritet-pas-1-janarit\/","title":{"rendered":"\u201cS\u2019kemi ku t\u00eb ankohemi, nuk kemi para p\u00ebr t\u00eb paguar n\u00eb gjykata\u201d, qytetari i ankohet kryeministrit. Rama zbulon planin e ri: \u00c7far\u00eb pritet pas 1 janarit"},"content":{"rendered":"<p>Kryeministri i vendit, Edi Rama, gjat\u00eb bashk\u00ebbisedimit q\u00eb pati me qytetar\u00ebt p\u00ebr programin e bashk\u00ebqeverisjes \u00ebsht\u00eb ndalur te problemet dhe sorollatjet q\u00eb ato hasin kur drejtohen\u00a0 p\u00ebr nj\u00eb sh\u00ebrbim tek institucionet shtet\u00ebrore.<\/p>\n<p>Shefi i qeveris\u00eb tha se n\u00eb shum\u00eb institucione do t\u00eb ket\u00eb sh\u00ebrbim on-line dhe kjo pritet t\u00eb zbatohet duke nisur q\u00eb nga muaji janar. Nj\u00eb nga qytetar\u00ebt iu ankua drejtp\u00ebrdrejt\u00a0 kryeministrit se n\u00eb gjykata e vendit nuk mund t\u00eb gjejn\u00eb zgjidhje p\u00ebr hallin q\u00eb kan\u00eb.<\/p>\n<h2><strong>Pjes\u00eb nga fjala e kryeministrit me qytetar\u00ebt:<\/strong><\/h2>\n<p><strong>Qytetari:<\/strong>\u00a0Nuk kemi ku t\u00eb ankohemi, vet\u00ebm k\u00ebtu.\u00a0 Po ku do t\u00eb ankohemi, do t\u00eb ankohemi tek gjykatat, jo sepse, s\u2019mundemi ne d se nuk mund t\u2019i mbushim xhepat p\u00ebr t\u00eb shkuar tek gjykatat dhe p\u00ebr t\u00eb paguar para. Platforma p\u00ebr mua \u00ebsht\u00eb nj\u00eb arm\u00eb e fuqishme n\u00eb duar t\u00eb popullit, sepse t\u00eb \u00e7on atje dhe nuk ke asnj\u00eb penges\u00eb dhe i kryen detyra shum\u00eb mir\u00eb.<\/p>\n<p><strong>Paralajm\u00ebrimi i Ram\u00ebs p\u00ebr grupin \u201cK\u00c7K\u201d:<\/strong>\u00a0M\u00eb e mira e t\u00eb mirave, do t\u00eb ishte q\u00eb t\u00eb gjith\u00eb institucionet t\u00eb reagonin n\u00eb k\u00ebt\u00eb form\u00eb, por kjo nuk ka ndodhur vite e vite, jan\u00eb p\u00ebrmir\u00ebsuar shum\u00eb gj\u00ebra, por ka ende probleme. Nuk do t\u00eb ket\u00eb m\u00eb radh\u00eb, p\u00ebr t\u00eb mos pasur situata pritjeje dhe zvarritje dhe p\u00ebr t\u00eb krijuar mund\u00ebsin\u00eb q\u00eb \u00e7dokush q\u00eb k\u00ebrkon nj\u00eb sh\u00ebrbim, n\u00eb \u00e7do institucion q\u00eb jep sh\u00ebrbime p\u00ebr publikun. Me k\u00ebt\u00eb sistem q\u00eb un\u00eb shpresoj q\u00eb ta nisim nga 1 janari, \u00e7do institucion shtet\u00ebror do jet\u00eb i detyruar t\u00eb plot\u00ebsoj\u00eb t\u00eb gjitha dokumentet q\u00eb p\u00ebrmban nj\u00eb dosje, p\u00ebr t\u00eb aplikuar psh p\u00ebr nj\u00eb licenc\u00eb. Shteti nuk do t\u00eb thot\u00eb m\u00eb t\u00eb mungon kjo apo ajo.<\/p>\n<p>Vet\u00eb institucionet do t\u2019i mbledhin p\u00ebr interes t\u00eb qytetarit dhe biznesit. Njer\u00ebzit shkojn\u00eb n\u00eb radh\u00eb p\u00ebr t\u00eb aplikuar p\u00ebr t\u00eb regjistruar biznesin, k\u00ebt\u00eb do ta heqim dhe do t\u00eb beh\u00ebt on-line. Do t\u00eb ket\u00eb nj\u00eb afat dhe kur nuk zbatohet afati do t\u00eb mbajn\u00eb p\u00ebrgjegj\u00ebsi dhe do t\u00eb nd\u00ebshkohen p\u00ebrgjegj\u00ebsit. Kjo do t\u00eb leht\u00ebsoj\u00eb shum\u00eb njer\u00ebzit n\u00eb procesin e aplikime dhe k\u00ebrkesave p\u00ebr t\u00eb marr\u00eb nj\u00eb sh\u00ebrbim. Sot vijon t\u00eb jet\u00eb e v\u00ebshtir\u00eb dhe e pamundur t\u00eb shkosh n\u00eb gjykat\u00eb p\u00ebr t\u00eb zgjidhur problemin. Sot jemi n\u00eb kushtet kur ka nisur pastrimi i sistemit t\u00eb drejt\u00ebsis\u00eb. Disa nga \u201cXhakajdur\u00ebt\u201d q\u00eb jan\u00eb n\u00eb sistem dhe q\u00eb e din\u00eb se nuk e kalojn\u00eb\u00a0 dot vetingun, jan\u00eb l\u00ebshuar \u201cKap ca T\u2019kap\u00ebsh\u201d (K\u00c7K). K\u00c7K-ja \u00ebsht\u00eb organizata m\u00eb e rrezikshme kriminale q\u00eb vepron n\u00eb Shqip\u00ebri, sepse \u00ebsht\u00eb e veshur me petkun e ligjit dhe funksionon si nj\u00eb organizat\u00eb e grabit\u00ebseve ordiner\u00eb. P\u00ebr KCK po b\u00ebhemi gati, me nj\u00eb ligj special p\u00ebr ta \u00e7uar luft\u00ebn n\u00eb nj\u00eb nivel t\u00eb pa ndodhur m\u00eb par\u00eb, ne do t\u00eb \u00e7ojm\u00eb n\u00eb parlament edhe disa masa speciale ndaj an\u00ebtar\u00ebve t\u00eb krimit dhe ndaj KCK. T\u00eb jeni t\u00eb sigurt se m\u00eb her\u00ebt se von\u00eb, t\u00eb gjith\u00eb do t\u00eb shohin n\u00eb praktik\u00eb dhe jo n\u00eb fjalime, rezultatet e nj\u00eb ofensive frontale q\u00eb qeveria do t\u00eb nd\u00ebrmarr\u00eb ndaj krimit, qoft\u00eb dhe ndaj K\u00c7K.<\/p>\n","protected":false},"excerpt":{"rendered":"<p>Kryeministri i vendit, Edi Rama, gjat\u00eb bashk\u00ebbisedimit q\u00eb pati me qytetar\u00ebt p\u00ebr programin e bashk\u00ebqeverisjes \u00ebsht\u00eb ndalur te problemet dhe sorollatjet q\u00eb ato hasin kur drejtohen\u00a0 p\u00ebr nj\u00eb sh\u00ebrbim tek institucionet shtet\u00ebrore. Shefi i qeveris\u00eb tha se n\u00eb shum\u00eb institucione do t\u00eb ket\u00eb sh\u00ebrbim on-line dhe kjo pritet t\u00eb zbatohet duke nisur q\u00eb nga muaji [&hellip;]<\/p>\n","protected":false},"author":2013,"featured_media":112492,"comment_status":"open","ping_status":"closed","sticky":false,"template":"","format":"standard","meta":{"footnotes":""},"categories":[241,235],"tags":[],"class_list":{"0":"post-112490","1":"post","2":"type-post","3":"status-publish","4":"format-standard","5":"has-post-thumbnail","7":"category-aktualitet","8":"category-vendi"},"_links":{"self":[{"href":"https:\/\/zjarr.tv\/sq\/wp-json\/wp\/v2\/posts\/112490","targetHints":{"allow":["GET"]}}],"collection":[{"href":"https:\/\/zjarr.tv\/sq\/wp-json\/wp\/v2\/posts"}],"about":[{"href":"https:\/\/zjarr.tv\/sq\/wp-json\/wp\/v2\/types\/post"}],"author":[{"embeddable":true,"href":"https:\/\/zjarr.tv\/sq\/wp-json\/wp\/v2\/users\/2013"}],"replies":[{"embeddable":true,"href":"https:\/\/zjarr.tv\/sq\/wp-json\/wp\/v2\/comments?post=112490"}],"version-history":[{"count":0,"href":"https:\/\/zjarr.tv\/sq\/wp-json\/wp\/v2\/posts\/112490\/revisions"}],"wp:featuredmedia":[{"embeddable":true,"href":"https:\/\/zjarr.tv\/sq\/wp-json\/wp\/v2\/media\/112492"}],"wp:attachment":[{"href":"https:\/\/zjarr.tv\/sq\/wp-json\/wp\/v2\/media?parent=112490"}],"wp:term":[{"taxonomy":"category","embeddable":true,"href":"https:\/\/zjarr.tv\/sq\/wp-json\/wp\/v2\/categories?post=112490"},{"taxonomy":"post_tag","embeddable":true,"href":"https:\/\/zjarr.tv\/sq\/wp-json\/wp\/v2\/tags?post=112490"}],"curies":[{"name":"wp","href":"https:\/\/api.w.org\/{rel}","templated":true}]}}