{"id":112496,"date":"2019-11-06T13:49:47","date_gmt":"2019-11-06T12:49:47","guid":{"rendered":"https:\/\/zjarr.tv\/?p=112496"},"modified":"2019-11-06T13:49:47","modified_gmt":"2019-11-06T12:49:47","slug":"pd-rama-eshte-kreu-i-kck-se-redjan-rraja-ushtar-i-bandes-se-tij-ne-fushe-kruje","status":"publish","type":"post","link":"https:\/\/zjarr.tv\/sq\/pd-rama-eshte-kreu-i-kck-se-redjan-rraja-ushtar-i-bandes-se-tij-ne-fushe-kruje\/","title":{"rendered":"PD: Rama \u00ebsht\u00eb kreu i K\u00c7K-s\u00eb! Redjan Rraja, ushtar i band\u00ebs s\u00eb tij n\u00eb Fush\u00eb Kruj\u00eb"},"content":{"rendered":"<p>Partia Demokratike deklaroi t\u00eb mart\u00ebn se atentati ndaj prokurorit n\u00eb Durr\u00ebs \u00ebsht\u00eb nj\u00eb prishje pazari \u2018mes bandave q\u00eb soll\u00ebn dhe e mbajn\u00eb n\u00eb pushtet Edi Ram\u00ebn\u2019.<\/p>\n<p>\u201cEdi Rama duhet t\u00eb largohet, ai \u00ebsht\u00eb kreu i K\u00c7K-s\u00eb,\u201d tha ish-deputeti Gent Strazimiri n\u00eb nj\u00eb konferenc\u00eb nga selia blu.<\/p>\n<p><em>\u201cAtentati mafioz pak dit\u00eb m\u00eb par\u00eb ndaj nj\u00eb prokurori dhe atyre q\u00eb e shoq\u00ebronin nuk \u00ebsht\u00eb thjesht nj\u00eb krim m\u00eb shum\u00eb n\u00eb statistikat e krimit shqiptar. Atentati \u00ebsht\u00eb luft\u00eb mes bandave q\u00eb kan\u00eb sjell\u00eb dhe mbajn\u00eb n\u00eb pushtet Edi Ram\u00ebn.<\/em><\/p>\n<div id=\"rekl-13\">\n<div id=\"__sap-ad-15\" class=\"__sap-ads __sap-html tracked\" data-title=\"Credins desktop 08\"><ins><\/p>\n<div id=\"beacon_04604bc02a\"><\/div>\n<p><\/ins><\/div>\n<\/div>\n<p><em>Nj\u00eb nga antentator\u00ebt e dyshuar, Redjan Rraja, i af\u00ebrm i deputetit socialist Rrahman Rraja, \u00ebsht\u00eb ushtar i band\u00ebs s\u00eb Edi Ram\u00ebs n\u00eb Fush\u00eb Kruj\u00eb.<\/em><\/p>\n<p><em>Ai ka siguruar vota q\u00eb Edi Rama t\u00eb b\u00ebhet kryeminist\u00ebr, prandaj ai kishte statusin e t\u00eb paprekshmit, kur n\u00ebnkomisar Emiljano Nuhu e denoncoi publikisht, bashk\u00eb me djalin e deputetit Rraja, si t\u00eb p\u00ebrfshir\u00eb n\u00eb \u00e7\u00ebshtjen Xhisiela.<\/em><\/p>\n<p><em>N\u00eb at\u00eb koh\u00eb, Edi Rama masakroi me akuza oficerin e policis\u00eb dhe mbrojti atentatorin Rraja me gjith\u00eb kriminel\u00ebt e tjer\u00eb q\u00eb i sigurojn\u00eb pushtetin,\u201d<\/em>\u00a0tha Strazimiri.<\/p>\n<p><em>\u201cP\u00ebrfshirja e bandit\u00ebve t\u00eb Edi Ram\u00ebs n\u00eb atentate mafioze pasi ky i ka mbrojtur publikisht ata, fakton se shteti i ngritur prej Edi Ram\u00ebs \u00ebsht\u00eb thell\u00ebsisht i kriminalizuar.<\/em><\/p>\n<p><em>N\u00eb narko-shtetin e Edi Ram\u00ebs trafikant\u00ebt e drog\u00ebs shnd\u00ebrrohen n\u00eb biznesmen\u00eb t\u00eb nderuar, n\u00eb nd\u00ebrtues resortesh ne bregdet mbi prona shtet\u00ebrore t\u00eb tjet\u00ebrsuara, dhe kur u prishen pazaret p\u00ebr grabitjen e pasurive t\u00eb vendit, bandat q\u00eb soll\u00ebn dhe mbajn\u00eb n\u00eb pushtet Edi Ram\u00ebn, godasin nj\u00ebra-tjetr\u00ebn n\u00eb atentate mafioze.<\/em><\/p>\n<p><em>Asnj\u00eb plan special t\u00eb propaganduar nga Edi Rama p\u00ebr luft\u00ebn kund\u00ebr krimit t\u00eb organizuar, nuk ka p\u00ebr t\u00eb funksionuar, sepse ai \u00ebsht\u00eb vet\u00eb kreu i organizat\u00ebs kriminale \u201cKap \u00c7a t\u2019Kap\u00ebsh\u201d.<\/em><\/p>\n<p><em>Asnj\u00eb plan special nuk ka p\u00ebr t\u00eb funksionuar, p\u00ebrsa koh\u00eb ai kalon nga parlamenti i Edi Ram\u00ebs, Rrahman Rraj\u00ebs, Jurgis \u00c7yrbjes, Taulant Yarisit dhe dhjet\u00ebra deputet\u00ebve t\u00eb tjer\u00eb, mandatet e t\u00eb cil\u00ebve jan\u00eb siguruar nga krimi i organizuar.<\/em><\/p>\n<p><em>Sh\u00ebrimi i vet\u00ebm p\u00ebr vendin \u00ebsht\u00eb clirimi i shtetit nga Edi Rama dhe narko-banda e tij.\u00a0 \u00cbsht\u00eb ndarja e politik\u00ebs nga krimi. K\u00ebt\u00eb gj\u00eb ka 6 vjet q\u00eb k\u00ebrkon Bashkimi Evropian, kete gje kodifikoi edhe Bundestagu gjerman me 9 kushtet p\u00ebr hapjen e negociatave,\u201d\u00a0<\/em>vijoi m\u00eb tej ai.<\/p>\n","protected":false},"excerpt":{"rendered":"<p>Partia Demokratike deklaroi t\u00eb mart\u00ebn se atentati ndaj prokurorit n\u00eb Durr\u00ebs \u00ebsht\u00eb nj\u00eb prishje pazari \u2018mes bandave q\u00eb soll\u00ebn dhe e mbajn\u00eb n\u00eb pushtet Edi Ram\u00ebn\u2019. \u201cEdi Rama duhet t\u00eb largohet, ai \u00ebsht\u00eb kreu i K\u00c7K-s\u00eb,\u201d tha ish-deputeti Gent Strazimiri n\u00eb nj\u00eb konferenc\u00eb nga selia blu. \u201cAtentati mafioz pak dit\u00eb m\u00eb par\u00eb ndaj nj\u00eb prokurori [&hellip;]<\/p>\n","protected":false},"author":2013,"featured_media":84041,"comment_status":"open","ping_status":"closed","sticky":false,"template":"","format":"standard","meta":{"footnotes":""},"categories":[241,235],"tags":[],"class_list":{"0":"post-112496","1":"post","2":"type-post","3":"status-publish","4":"format-standard","5":"has-post-thumbnail","7":"category-aktualitet","8":"category-vendi"},"_links":{"self":[{"href":"https:\/\/zjarr.tv\/sq\/wp-json\/wp\/v2\/posts\/112496","targetHints":{"allow":["GET"]}}],"collection":[{"href":"https:\/\/zjarr.tv\/sq\/wp-json\/wp\/v2\/posts"}],"about":[{"href":"https:\/\/zjarr.tv\/sq\/wp-json\/wp\/v2\/types\/post"}],"author":[{"embeddable":true,"href":"https:\/\/zjarr.tv\/sq\/wp-json\/wp\/v2\/users\/2013"}],"replies":[{"embeddable":true,"href":"https:\/\/zjarr.tv\/sq\/wp-json\/wp\/v2\/comments?post=112496"}],"version-history":[{"count":0,"href":"https:\/\/zjarr.tv\/sq\/wp-json\/wp\/v2\/posts\/112496\/revisions"}],"wp:featuredmedia":[{"embeddable":true,"href":"https:\/\/zjarr.tv\/sq\/wp-json\/wp\/v2\/media\/84041"}],"wp:attachment":[{"href":"https:\/\/zjarr.tv\/sq\/wp-json\/wp\/v2\/media?parent=112496"}],"wp:term":[{"taxonomy":"category","embeddable":true,"href":"https:\/\/zjarr.tv\/sq\/wp-json\/wp\/v2\/categories?post=112496"},{"taxonomy":"post_tag","embeddable":true,"href":"https:\/\/zjarr.tv\/sq\/wp-json\/wp\/v2\/tags?post=112496"}],"curies":[{"name":"wp","href":"https:\/\/api.w.org\/{rel}","templated":true}]}}