{"id":112502,"date":"2019-11-06T13:51:58","date_gmt":"2019-11-06T12:51:58","guid":{"rendered":"https:\/\/zjarr.tv\/?p=112502"},"modified":"2019-11-06T13:51:58","modified_gmt":"2019-11-06T12:51:58","slug":"socialistet-rrezojne-nismen-e-beqajt-per-faljen-e-gjobave-te-aku-ahmetaj-antikushtetuese","status":"publish","type":"post","link":"https:\/\/zjarr.tv\/sq\/socialistet-rrezojne-nismen-e-beqajt-per-faljen-e-gjobave-te-aku-ahmetaj-antikushtetuese\/","title":{"rendered":"Socialist\u00ebt rr\u00ebzojn\u00eb nism\u00ebn e Beqajt p\u00ebr faljen e gjobave t\u00eb AKU, Ahmetaj: Antikushtetuese"},"content":{"rendered":"<p>Nisma e deputetit socialist Ilir Beqja p\u00ebr t\u00eb falur gjobat e 52 bizneseve q\u00eb tregtojn\u00eb produkte shtazore t\u00eb cilat jan\u00eb gjobitur nga AKU gjat\u00eb periudh\u00ebs 1 Korrik-31 Gusht p\u00ebr shkak t\u00eb mospasjes s\u00eb li\u00e7ens\u00ebs nga ana e QKB \u00ebsht\u00eb rr\u00ebzuar nga deputet\u00ebt e tij socialist n\u00eb komisionin e ekonomis\u00eb por \u00ebsht\u00eb mb\u00ebshtetur nga opozita e re.<\/p>\n<div id=\"sovrn\" class=\"desktop_ad ad_bottom_space\"><ins><\/ins><\/p>\n<div id=\"onetag-wrapper-3\" class=\"sovrn-onetag-ad\"><\/div>\n<\/div>\n<p>Kund\u00ebr k\u00ebsaj nisme ishte edhe Ministria e Bujq\u00ebsis\u00eb e cila p\u00ebrfaq\u00ebsohej nga zv\/ministrja Ermira Gjeci.<\/p>\n<div id=\"pa_1x1_psbk_1573044698087\"><\/div>\n<p>Kryetari i komisionit t\u00eb Ekonomis\u00eb, Arben Ahmetaj si relator i nism\u00ebs argmuentoi se t\u00eb gjith\u00eb duhet t\u00eb jen\u00eb t\u00eb barabart\u00eb p\u00ebrpara ligjit dhe se p\u00ebrjashtimi \u00ebsht\u00eb antikushtetues. P\u00ebr Ahmetajn periudha e vendosjes s\u00eb gjobave \u00ebsht\u00eb e n\u00ebjt\u00eb me at\u00eb t\u00eb nisjes s\u00eb aksionit antiinformalitet nga qeveria.<\/p>\n<p>\u2018Premisa p\u00ebr antikushtetueshm\u00ebri p\u00ebr shkak t\u00eb c\u00ebnimit t\u00eb parimit t\u00eb barazis\u00eb dhe mosdisrkiminimit. Zgjidhen p\u00ebr tu falur vet\u00ebm shkeljet e sanksionuara n\u00eb segmentin kohor\u00eb 1 korrik-31 gusht 2019 kur shkelje t\u00eb tilla mund t\u00eb jen\u00eb kryer nd\u00ebr vite nga shum\u00eb subjekte t\u00eb tjera. Periudha q\u00eb i referohet propozimi \u00ebsht\u00eb periudha kur qeveria ka nd\u00ebrmarr\u00eb fushat\u00eb antiinformaliteti dhe me theks sigurin\u00eb ushqimore p\u00ebr qytetar\u00ebt.\u2019 -tha Ahmetaj.<\/p>\n<p>Por nism\u00ebtari Ilir Beqja thot\u00eb se bizneset jan\u00eb l\u00ebn\u00eb p\u00ebr nj\u00eb periudh\u00eb t\u00eb gjat\u00eb n\u00eb paligjshm\u00ebri vet\u00ebm me arsyen p\u00ebr tu zhvatur nga AKU duke i vendosur gjoba.<\/p>\n<p>\u2018 Nga 1 korriku deri 31 gusht p\u00ebr arsye licence kan\u00eb aplikuar 1415 subjekte, q\u00eb do t\u00eb thot\u00eb prej vitesh kan\u00eb qen\u00eb n\u00eb moszbatim ligji.Jam krejt dakort me pjes\u00ebn e kushtetueshm\u00ebris\u00eb ato jan\u00eb parime t\u00eb p\u00ebrgjithshme ndjej si deputet dhe si qytetar\u00eb rrezikun e p\u00ebrhapjes s\u00eb moralazart por shifrat m\u00eb b\u00ebjn\u00eb t\u00eb ndalem. 1415 subjekte paskan\u00eb q\u00ebn\u00eb n\u00eb paligjshm\u00ebri q\u00eb do t\u00eb thot\u00eb trupat inspektuese i paskan l\u00ebn\u00eb n\u00eb me q\u00ebllim e b\u00ebnin me q\u00ebllim q\u00eb tju b\u00ebnin presione t\u00eb paligjshme p\u00ebr ti zhvatur.\u2019 -u shpreh Beqja.<\/p>\n<p>N\u00eb periudhen korrik \u2013 gusht 2019, n\u00eb kuader t\u00eb p\u00ebrpjekjeve p\u00ebr t\u00eb rritur shkall\u00ebn e zbatimit t\u00eb ligjit dhe t\u00eb reduktimit t\u00ebinformalitetit, Autoriteti Komb\u00ebtar i Ushqimit ka nd\u00ebrmarr\u00eb inspektime n\u00eb t\u00eb gjith\u00ebvendin. Midis t\u00eb tjerash ka inspektuar edhe operator\u00eb ekonomik\u00eb q\u00eb kan\u00eb aktivitet kryesor prodhimin, p\u00ebrpunimin dhe shp\u00ebrndarjen me shumic\u00eb t\u00eb ushqimeve si dhe operator\u00eb ekonomik\u00eb q\u00eb kan\u00eb aktivitet kryesor shitjen me shumic\u00eb t\u00eb prodhimeve shtazore. K\u00ebto inspektime jan\u00eb shoq\u00ebruar edhe me vendosjen e gjobave n\u00eb p\u00ebrputhje me p\u00ebrcaktimet ligjore t\u00eb legjislacionit n\u00eb fuqi p\u00ebr ushqimin dhe sigurin\u00eb ushqimore.<\/p>\n","protected":false},"excerpt":{"rendered":"<p>Nisma e deputetit socialist Ilir Beqja p\u00ebr t\u00eb falur gjobat e 52 bizneseve q\u00eb tregtojn\u00eb produkte shtazore t\u00eb cilat jan\u00eb gjobitur nga AKU gjat\u00eb periudh\u00ebs 1 Korrik-31 Gusht p\u00ebr shkak t\u00eb mospasjes s\u00eb li\u00e7ens\u00ebs nga ana e QKB \u00ebsht\u00eb rr\u00ebzuar nga deputet\u00ebt e tij socialist n\u00eb komisionin e ekonomis\u00eb por \u00ebsht\u00eb mb\u00ebshtetur nga opozita e [&hellip;]<\/p>\n","protected":false},"author":2013,"featured_media":112505,"comment_status":"open","ping_status":"closed","sticky":false,"template":"","format":"standard","meta":{"footnotes":""},"categories":[241,235],"tags":[],"class_list":{"0":"post-112502","1":"post","2":"type-post","3":"status-publish","4":"format-standard","5":"has-post-thumbnail","7":"category-aktualitet","8":"category-vendi"},"_links":{"self":[{"href":"https:\/\/zjarr.tv\/sq\/wp-json\/wp\/v2\/posts\/112502","targetHints":{"allow":["GET"]}}],"collection":[{"href":"https:\/\/zjarr.tv\/sq\/wp-json\/wp\/v2\/posts"}],"about":[{"href":"https:\/\/zjarr.tv\/sq\/wp-json\/wp\/v2\/types\/post"}],"author":[{"embeddable":true,"href":"https:\/\/zjarr.tv\/sq\/wp-json\/wp\/v2\/users\/2013"}],"replies":[{"embeddable":true,"href":"https:\/\/zjarr.tv\/sq\/wp-json\/wp\/v2\/comments?post=112502"}],"version-history":[{"count":0,"href":"https:\/\/zjarr.tv\/sq\/wp-json\/wp\/v2\/posts\/112502\/revisions"}],"wp:featuredmedia":[{"embeddable":true,"href":"https:\/\/zjarr.tv\/sq\/wp-json\/wp\/v2\/media\/112505"}],"wp:attachment":[{"href":"https:\/\/zjarr.tv\/sq\/wp-json\/wp\/v2\/media?parent=112502"}],"wp:term":[{"taxonomy":"category","embeddable":true,"href":"https:\/\/zjarr.tv\/sq\/wp-json\/wp\/v2\/categories?post=112502"},{"taxonomy":"post_tag","embeddable":true,"href":"https:\/\/zjarr.tv\/sq\/wp-json\/wp\/v2\/tags?post=112502"}],"curies":[{"name":"wp","href":"https:\/\/api.w.org\/{rel}","templated":true}]}}