{"id":112511,"date":"2019-11-06T14:19:41","date_gmt":"2019-11-06T13:19:41","guid":{"rendered":"https:\/\/zjarr.tv\/?p=112511"},"modified":"2019-11-06T14:19:41","modified_gmt":"2019-11-06T13:19:41","slug":"lsi-emeron-3-koordinatore-te-rinj","status":"publish","type":"post","link":"https:\/\/zjarr.tv\/sq\/lsi-emeron-3-koordinatore-te-rinj\/","title":{"rendered":"LSI em\u00ebron 3 koordinator\u00eb t\u00eb rinj"},"content":{"rendered":"<div class=\"readmore-text-here\">\n<p>Kryesia e Ekzekutive e LSI vendos koordinator\u00ebt p\u00ebr qarqet Tiran\u00eb, Durr\u00ebs dhe Vlor\u00eb.<\/p>\n<p>N\u00eb nj\u00eb mbledhje t\u00eb zhvilluar k\u00ebt\u00eb t\u00eb m\u00ebrkur\u00eb, Kryesia e Ekzekutive e LSI vendosi \u2018Koordinator\u00ebt e Qarkut\u2019:<\/p>\n<p><em>1. Tiran\u00eb- P\u00ebrparim Spahiu<\/em><\/p>\n<p><em>2. Durr\u00ebs-Nasip Na\u00e7o<\/em><\/p>\n<p><em>3. Vlor\u00eb- Flamur \u00c7elaj<\/em><\/p>\n<p>Vendimi i Kryesis\u00eb Ekzekutive t\u00eb LSI \u00ebsht\u00eb vet\u00ebm p\u00ebr k\u00ebto 3 qarqe t\u00eb cilat ishin pa koordinator\u00eb. Detyra e \u2018Koordinator\u00ebve t\u00eb qarqeve\u2019 do t\u00eb jet\u00eb ndjekja e procesit zgjedhor n\u00eb t\u00eb gjitha nivelet dhe forumet e LSI-s\u00eb deri n\u00eb vitin 2020.<\/p>\n<\/div>\n<div id=\"rekl-33\"><\/div>\n","protected":false},"excerpt":{"rendered":"<p>Kryesia e Ekzekutive e LSI vendos koordinator\u00ebt p\u00ebr qarqet Tiran\u00eb, Durr\u00ebs dhe Vlor\u00eb. N\u00eb nj\u00eb mbledhje t\u00eb zhvilluar k\u00ebt\u00eb t\u00eb m\u00ebrkur\u00eb, Kryesia e Ekzekutive e LSI vendosi \u2018Koordinator\u00ebt e Qarkut\u2019: 1. Tiran\u00eb- P\u00ebrparim Spahiu 2. Durr\u00ebs-Nasip Na\u00e7o 3. Vlor\u00eb- Flamur \u00c7elaj Vendimi i Kryesis\u00eb Ekzekutive t\u00eb LSI \u00ebsht\u00eb vet\u00ebm p\u00ebr k\u00ebto 3 qarqe t\u00eb cilat [&hellip;]<\/p>\n","protected":false},"author":2013,"featured_media":58114,"comment_status":"open","ping_status":"closed","sticky":false,"template":"","format":"standard","meta":{"footnotes":""},"categories":[241,235],"tags":[],"class_list":{"0":"post-112511","1":"post","2":"type-post","3":"status-publish","4":"format-standard","5":"has-post-thumbnail","7":"category-aktualitet","8":"category-vendi"},"_links":{"self":[{"href":"https:\/\/zjarr.tv\/sq\/wp-json\/wp\/v2\/posts\/112511","targetHints":{"allow":["GET"]}}],"collection":[{"href":"https:\/\/zjarr.tv\/sq\/wp-json\/wp\/v2\/posts"}],"about":[{"href":"https:\/\/zjarr.tv\/sq\/wp-json\/wp\/v2\/types\/post"}],"author":[{"embeddable":true,"href":"https:\/\/zjarr.tv\/sq\/wp-json\/wp\/v2\/users\/2013"}],"replies":[{"embeddable":true,"href":"https:\/\/zjarr.tv\/sq\/wp-json\/wp\/v2\/comments?post=112511"}],"version-history":[{"count":0,"href":"https:\/\/zjarr.tv\/sq\/wp-json\/wp\/v2\/posts\/112511\/revisions"}],"wp:featuredmedia":[{"embeddable":true,"href":"https:\/\/zjarr.tv\/sq\/wp-json\/wp\/v2\/media\/58114"}],"wp:attachment":[{"href":"https:\/\/zjarr.tv\/sq\/wp-json\/wp\/v2\/media?parent=112511"}],"wp:term":[{"taxonomy":"category","embeddable":true,"href":"https:\/\/zjarr.tv\/sq\/wp-json\/wp\/v2\/categories?post=112511"},{"taxonomy":"post_tag","embeddable":true,"href":"https:\/\/zjarr.tv\/sq\/wp-json\/wp\/v2\/tags?post=112511"}],"curies":[{"name":"wp","href":"https:\/\/api.w.org\/{rel}","templated":true}]}}