{"id":112512,"date":"2019-11-06T14:20:47","date_gmt":"2019-11-06T13:20:47","guid":{"rendered":"https:\/\/zjarr.tv\/?p=112512"},"modified":"2019-11-06T14:20:47","modified_gmt":"2019-11-06T13:20:47","slug":"meta-pret-ne-nje-takim-lamtumire-ambasadorin-e-malit-te-zi-bashkepunimi-mes-dy-vendeve-forcon-paqen","status":"publish","type":"post","link":"https:\/\/zjarr.tv\/sq\/meta-pret-ne-nje-takim-lamtumire-ambasadorin-e-malit-te-zi-bashkepunimi-mes-dy-vendeve-forcon-paqen\/","title":{"rendered":"Meta pret n\u00eb nj\u00eb takim lamtumire ambasadorin e Malit t\u00eb Zi: Bashk\u00ebpunimi mes dy vendeve forcon paqen"},"content":{"rendered":"<p>Presidenti i Republik\u00ebs,Ilir Meta, priti sot n\u00eb nj\u00eb takim lamtumire Ambasadorin e Republik\u00ebs s\u00eb Malit t\u00eb Zi n\u00eb Shqip\u00ebri, z Du\u0161an Mrdovi\u0107. Kreu i Shtetit i shprehu mir\u00ebnjohjen diplomatit malazez p\u00ebr angazhimin e tij t\u00eb palodhur p\u00ebr forcimin e gjithansh\u00ebm t\u00eb marr\u00ebdh\u00ebnieve t\u00eb shk\u00eblqyera mes dy vendeve dhe popujve tan\u00eb.<\/p>\n<p>Gjat\u00eb takimit, Presidenti Meta theksoi se vendi yn\u00eb e vler\u00ebson angazhimin euroatlantike t\u00eb shtetit fqinj duke shtuar se bashk\u00ebpunimi i ngusht\u00eb mes dy vendeve \u00ebsht\u00eb hap p\u00ebr forcimin e paqes dhe stabilittit n\u00eb rajon.<\/p>\n<p>\u201cShqip\u00ebria vler\u00ebson orientimin euroatlantik t\u00eb Malit t\u00eb Zi, si nj\u00eb partner t\u00eb r\u00ebnd\u00ebsish\u00ebm, aleat n\u00eb NATO dhe n\u00eb procesin e an\u00ebtar\u00ebsimit n\u00eb Bashkimin Europian. Bashk\u00ebpunimi i ngusht\u00eb mes dy vendeve tona \u00ebsht\u00eb i r\u00ebnd\u00ebsish\u00ebm p\u00ebr forcimin e paqes, stabilitetit dhe orientimit euroatlantik t\u00eb rajonit\u201d, \u2013 u shpreh Meta.<\/p>\n","protected":false},"excerpt":{"rendered":"<p>Presidenti i Republik\u00ebs,Ilir Meta, priti sot n\u00eb nj\u00eb takim lamtumire Ambasadorin e Republik\u00ebs s\u00eb Malit t\u00eb Zi n\u00eb Shqip\u00ebri, z Du\u0161an Mrdovi\u0107. Kreu i Shtetit i shprehu mir\u00ebnjohjen diplomatit malazez p\u00ebr angazhimin e tij t\u00eb palodhur p\u00ebr forcimin e gjithansh\u00ebm t\u00eb marr\u00ebdh\u00ebnieve t\u00eb shk\u00eblqyera mes dy vendeve dhe popujve tan\u00eb. Gjat\u00eb takimit, Presidenti Meta theksoi [&hellip;]<\/p>\n","protected":false},"author":2013,"featured_media":112514,"comment_status":"open","ping_status":"closed","sticky":false,"template":"","format":"standard","meta":{"footnotes":""},"categories":[241,235],"tags":[],"class_list":{"0":"post-112512","1":"post","2":"type-post","3":"status-publish","4":"format-standard","5":"has-post-thumbnail","7":"category-aktualitet","8":"category-vendi"},"_links":{"self":[{"href":"https:\/\/zjarr.tv\/sq\/wp-json\/wp\/v2\/posts\/112512","targetHints":{"allow":["GET"]}}],"collection":[{"href":"https:\/\/zjarr.tv\/sq\/wp-json\/wp\/v2\/posts"}],"about":[{"href":"https:\/\/zjarr.tv\/sq\/wp-json\/wp\/v2\/types\/post"}],"author":[{"embeddable":true,"href":"https:\/\/zjarr.tv\/sq\/wp-json\/wp\/v2\/users\/2013"}],"replies":[{"embeddable":true,"href":"https:\/\/zjarr.tv\/sq\/wp-json\/wp\/v2\/comments?post=112512"}],"version-history":[{"count":0,"href":"https:\/\/zjarr.tv\/sq\/wp-json\/wp\/v2\/posts\/112512\/revisions"}],"wp:featuredmedia":[{"embeddable":true,"href":"https:\/\/zjarr.tv\/sq\/wp-json\/wp\/v2\/media\/112514"}],"wp:attachment":[{"href":"https:\/\/zjarr.tv\/sq\/wp-json\/wp\/v2\/media?parent=112512"}],"wp:term":[{"taxonomy":"category","embeddable":true,"href":"https:\/\/zjarr.tv\/sq\/wp-json\/wp\/v2\/categories?post=112512"},{"taxonomy":"post_tag","embeddable":true,"href":"https:\/\/zjarr.tv\/sq\/wp-json\/wp\/v2\/tags?post=112512"}],"curies":[{"name":"wp","href":"https:\/\/api.w.org\/{rel}","templated":true}]}}