{"id":112515,"date":"2019-11-06T14:53:27","date_gmt":"2019-11-06T13:53:27","guid":{"rendered":"https:\/\/zjarr.tv\/?p=112515"},"modified":"2019-11-06T14:53:27","modified_gmt":"2019-11-06T13:53:27","slug":"be-tetori-i-2019-ne-gjithe-boten-tetori-me-i-nxehte-ne-histori","status":"publish","type":"post","link":"https:\/\/zjarr.tv\/sq\/be-tetori-i-2019-ne-gjithe-boten-tetori-me-i-nxehte-ne-histori\/","title":{"rendered":"BE: Tetori i 2019 n\u00eb gjith\u00eb bot\u00ebn, tetori m\u00eb i nxeht\u00eb n\u00eb histori"},"content":{"rendered":"<p>Temperaturat mesatare n\u00eb t\u00eb gjith\u00eb bot\u00ebn p\u00ebr tetor 2019 ishin m\u00eb t\u00eb nxehtat t\u00eb regjistruara n\u00eb historin\u00eb e k\u00ebtij muaji. Ky \u00ebsht\u00eb p\u00ebrfundimi i nxjerr\u00eb nga agjencia e BE-s\u00eb p\u00ebr monitorimin e tok\u00ebs, \u2018Kopernik\u2019.<\/p>\n<p>Shum\u00eb vende evropiane pan\u00eb temperatura mbi mesatare gjat\u00eb gjith\u00eb muajit, me p\u00ebrjashtim t\u00eb atyre n\u00eb veri dhe veri-per\u00ebndim t\u00eb kontinentit, por anomalit\u00eb e temperatur\u00ebs evropiane shpesh jan\u00eb m\u00eb t\u00eb m\u00ebdha se ato globale, ve\u00e7an\u00ebrisht n\u00eb dim\u00ebr.<\/p>\n<p>Temperaturat, njofton Mjedisi sot,\u00a0ishin gjithashtu mbi mesataren n\u00eb pjes\u00eb t\u00eb m\u00ebdha t\u00eb Arktikut, por pjesa per\u00ebndimore e SHBA-s\u00eb dhe Kanadaja p\u00ebrjetuan temperatura m\u00eb t\u00eb ftohta se zakonisht.<\/p>\n<div id=\"rekl-13\">\n<div id=\"__sap-ad-15\" class=\"__sap-ads __sap-html tracked\" data-title=\"Credins desktop 08\"><ins><\/p>\n<div id=\"beacon_70b851fe37\"><\/div>\n<p><\/ins><\/div>\n<\/div>\n<p>Temperatura e tetorit \u00ebsht\u00eb tashm\u00eb 1.2 \u00b0 C mbi nivelet para-industriale t\u00eb p\u00ebrcaktuara nga Paneli Nd\u00ebrqeveritar p\u00ebr Ndryshimin e Klim\u00ebs (IPCC), tha agjencia e monitorimit t\u00eb tok\u00ebs \u2018Kopernik\u2019.<\/p>\n<p>Kjo \u00ebsht\u00eb af\u00ebr kufirit ambicioz 1.5 \u00b0 C t\u00eb p\u00ebrshkruar nga marr\u00ebveshja e klim\u00ebs n\u00eb Paris e cila synon t\u00eb mbaj\u00eb ngrohjen midis 1.5 \u00b0 C dhe 2 \u00b0 C.<\/p>\n","protected":false},"excerpt":{"rendered":"<p>Temperaturat mesatare n\u00eb t\u00eb gjith\u00eb bot\u00ebn p\u00ebr tetor 2019 ishin m\u00eb t\u00eb nxehtat t\u00eb regjistruara n\u00eb historin\u00eb e k\u00ebtij muaji. Ky \u00ebsht\u00eb p\u00ebrfundimi i nxjerr\u00eb nga agjencia e BE-s\u00eb p\u00ebr monitorimin e tok\u00ebs, \u2018Kopernik\u2019. Shum\u00eb vende evropiane pan\u00eb temperatura mbi mesatare gjat\u00eb gjith\u00eb muajit, me p\u00ebrjashtim t\u00eb atyre n\u00eb veri dhe veri-per\u00ebndim t\u00eb kontinentit, por [&hellip;]<\/p>\n","protected":false},"author":2013,"featured_media":112559,"comment_status":"open","ping_status":"closed","sticky":false,"template":"","format":"standard","meta":{"footnotes":""},"categories":[241,235],"tags":[],"class_list":{"0":"post-112515","1":"post","2":"type-post","3":"status-publish","4":"format-standard","5":"has-post-thumbnail","7":"category-aktualitet","8":"category-vendi"},"_links":{"self":[{"href":"https:\/\/zjarr.tv\/sq\/wp-json\/wp\/v2\/posts\/112515","targetHints":{"allow":["GET"]}}],"collection":[{"href":"https:\/\/zjarr.tv\/sq\/wp-json\/wp\/v2\/posts"}],"about":[{"href":"https:\/\/zjarr.tv\/sq\/wp-json\/wp\/v2\/types\/post"}],"author":[{"embeddable":true,"href":"https:\/\/zjarr.tv\/sq\/wp-json\/wp\/v2\/users\/2013"}],"replies":[{"embeddable":true,"href":"https:\/\/zjarr.tv\/sq\/wp-json\/wp\/v2\/comments?post=112515"}],"version-history":[{"count":0,"href":"https:\/\/zjarr.tv\/sq\/wp-json\/wp\/v2\/posts\/112515\/revisions"}],"wp:featuredmedia":[{"embeddable":true,"href":"https:\/\/zjarr.tv\/sq\/wp-json\/wp\/v2\/media\/112559"}],"wp:attachment":[{"href":"https:\/\/zjarr.tv\/sq\/wp-json\/wp\/v2\/media?parent=112515"}],"wp:term":[{"taxonomy":"category","embeddable":true,"href":"https:\/\/zjarr.tv\/sq\/wp-json\/wp\/v2\/categories?post=112515"},{"taxonomy":"post_tag","embeddable":true,"href":"https:\/\/zjarr.tv\/sq\/wp-json\/wp\/v2\/tags?post=112515"}],"curies":[{"name":"wp","href":"https:\/\/api.w.org\/{rel}","templated":true}]}}