{"id":112604,"date":"2019-11-06T15:16:03","date_gmt":"2019-11-06T14:16:03","guid":{"rendered":"https:\/\/zjarr.tv\/?p=112604"},"modified":"2019-11-06T15:16:03","modified_gmt":"2019-11-06T14:16:03","slug":"aksident-i-rende-ne-librazhd","status":"publish","type":"post","link":"https:\/\/zjarr.tv\/sq\/aksident-i-rende-ne-librazhd\/","title":{"rendered":"Aksident i r\u00ebnd\u00eb n\u00eb Librazhd"},"content":{"rendered":"<p>Nj\u00eb aksident ka ndodhur mesdit\u00ebn e sotme n\u00eb rrug\u00ebn Elbasan-Librazhd. Si pasoj\u00eb e p\u00ebrplasjes, nj\u00eb person ka mbetur i plagosur r\u00ebnd\u00eb. B\u00ebhet fjal\u00eb p\u00ebr Meriban Ba\u00e7e 61 vje\u00e7 nga Erseka, i cili \u00ebsht\u00eb d\u00ebrguar me urgjenc\u00eb n\u00eb spitalin e Librazhdit.<\/p>\n<div id=\"rekl-13\">\n<div id=\"__sap-ad-15\" class=\"__sap-ads __sap-html\" data-title=\"Credins desktop 08\"><ins><\/p>\n<div id=\"beacon_7b35552ff2\"><img loading=\"lazy\" decoding=\"async\" src=\"https:\/\/ads1.medium.al\/www\/delivery\/lg.php?bannerid=401&amp;campaignid=56&amp;zoneid=232&amp;loc=https%3A%2F%2Fwww.syri.net%2Fkronike%2F292333%2Faksident-i-rende-ne-librazhd%2F&amp;referer=https%3A%2F%2Fwww.syri.net%2Flajme%2F&amp;cb=7b35552ff2\" alt=\"\" width=\"0\" height=\"0\" \/><\/div>\n<p><\/ins><\/div>\n<\/div>\n<p>M\u00ebsohet se ai ndodhet n\u00eb gjendje t\u00eb r\u00ebnd\u00eb. Makina me t\u00eb cil\u00ebn udh\u00ebtonte Ba\u00e7e ka rr\u00ebshqitur n\u00eb rrug\u00eb si shkak i shirave dhe \u00ebsht\u00eb p\u00ebrplasur.<\/p>\n","protected":false},"excerpt":{"rendered":"<p>Nj\u00eb aksident ka ndodhur mesdit\u00ebn e sotme n\u00eb rrug\u00ebn Elbasan-Librazhd. Si pasoj\u00eb e p\u00ebrplasjes, nj\u00eb person ka mbetur i plagosur r\u00ebnd\u00eb. B\u00ebhet fjal\u00eb p\u00ebr Meriban Ba\u00e7e 61 vje\u00e7 nga Erseka, i cili \u00ebsht\u00eb d\u00ebrguar me urgjenc\u00eb n\u00eb spitalin e Librazhdit. M\u00ebsohet se ai ndodhet n\u00eb gjendje t\u00eb r\u00ebnd\u00eb. Makina me t\u00eb cil\u00ebn udh\u00ebtonte Ba\u00e7e ka [&hellip;]<\/p>\n","protected":false},"author":2013,"featured_media":38161,"comment_status":"open","ping_status":"closed","sticky":false,"template":"","format":"standard","meta":{"footnotes":""},"categories":[241,235],"tags":[],"class_list":{"0":"post-112604","1":"post","2":"type-post","3":"status-publish","4":"format-standard","5":"has-post-thumbnail","7":"category-aktualitet","8":"category-vendi"},"_links":{"self":[{"href":"https:\/\/zjarr.tv\/sq\/wp-json\/wp\/v2\/posts\/112604","targetHints":{"allow":["GET"]}}],"collection":[{"href":"https:\/\/zjarr.tv\/sq\/wp-json\/wp\/v2\/posts"}],"about":[{"href":"https:\/\/zjarr.tv\/sq\/wp-json\/wp\/v2\/types\/post"}],"author":[{"embeddable":true,"href":"https:\/\/zjarr.tv\/sq\/wp-json\/wp\/v2\/users\/2013"}],"replies":[{"embeddable":true,"href":"https:\/\/zjarr.tv\/sq\/wp-json\/wp\/v2\/comments?post=112604"}],"version-history":[{"count":0,"href":"https:\/\/zjarr.tv\/sq\/wp-json\/wp\/v2\/posts\/112604\/revisions"}],"wp:featuredmedia":[{"embeddable":true,"href":"https:\/\/zjarr.tv\/sq\/wp-json\/wp\/v2\/media\/38161"}],"wp:attachment":[{"href":"https:\/\/zjarr.tv\/sq\/wp-json\/wp\/v2\/media?parent=112604"}],"wp:term":[{"taxonomy":"category","embeddable":true,"href":"https:\/\/zjarr.tv\/sq\/wp-json\/wp\/v2\/categories?post=112604"},{"taxonomy":"post_tag","embeddable":true,"href":"https:\/\/zjarr.tv\/sq\/wp-json\/wp\/v2\/tags?post=112604"}],"curies":[{"name":"wp","href":"https:\/\/api.w.org\/{rel}","templated":true}]}}