{"id":113163,"date":"2019-11-10T14:42:43","date_gmt":"2019-11-10T13:42:43","guid":{"rendered":"https:\/\/zjarr.tv\/?p=113163"},"modified":"2019-11-10T14:42:43","modified_gmt":"2019-11-10T13:42:43","slug":"gjata-edi-rama-ka-vetem-dy-opsione-per-gjykaten-kushtetuese-ta-kape-ate-ose-te-bllokoje-ngritjen-e-saj","status":"publish","type":"post","link":"https:\/\/zjarr.tv\/sq\/gjata-edi-rama-ka-vetem-dy-opsione-per-gjykaten-kushtetuese-ta-kape-ate-ose-te-bllokoje-ngritjen-e-saj\/","title":{"rendered":"Gjata: Edi Rama ka vet\u00ebm dy opsione p\u00ebr Gjykat\u00ebn Kushtetuese \u2013 ta kap\u00eb at\u00eb ose t\u00eb bllokoj\u00eb ngritjen e saj"},"content":{"rendered":"<p>&nbsp;<\/p>\n<p>DEKLARAT\u00cb E SEKRETARIT P\u00cbR \u00c7\u00cbSHTJET LIGJORE N\u00cb PARTIN\u00cb DEMOKRATIKE, \u00c7LIRIM GJATA.<\/p>\n<p>Edi Rama nuk ka asnj\u00eb q\u00ebllim t\u00eb ngrej\u00eb institucionet e reja t\u00eb pavarura t\u00eb drejt\u00ebis\u00eb. Edi Rama nuk ka p\u00ebr q\u00ebllim t\u00eb respektoj\u00eb Kushtetut\u00ebn p\u00ebr krijimin e Gjykat\u00ebs Kushtetutese. I vetmi q\u00ebllim i Edi Ram\u00ebs \u00ebsht\u00eb ai q\u00eb ka patur prej fillimit &#8211; t\u00eb kap\u00eb organet e reja t\u00eb drejt\u00ebsis\u00eb. Ai po e b\u00ebn k\u00ebt\u00eb haptazi me Gjykat\u00ebn Kushtetuese, duke shkelur ligjin dhe kushtetut\u00ebn n\u00eb m\u00ebnyr\u00eb flagrante p\u00ebr t\u00eb paracaktuar an\u00ebtar\u00ebt e rinj t\u00eb saj, nj\u00ebsoj si\u00e7 paracakton fituesit e tenderave. N\u00eb t\u00eb kund\u00ebrt, ai \u00ebsht\u00eb gati ta bllokoj\u00eb dhe t\u00eb fus\u00eb n\u00eb ng\u00ebr\u00e7 ngritjen e Gjykat\u00ebs Kushtetuese.<\/p>\n<p>I gith\u00eb procesi ka patur makinacionet e veta teknike t\u00eb pista, antiligjore p\u00ebr t\u00eb \u00e7uar n\u00eb p\u00ebrfundimin q\u00eb do Edi Rama, por akti m\u00eb antikushtetues i tij \u00ebsht\u00eb em\u00ebrimi i paracaktuar i an\u00ebtar\u00ebve n\u00eb Gjykat\u00ebn Kushtetuese.<\/p>\n<p>Kushtet\u00ebta e Shqip\u00ebris\u00eb e thot\u00eb qart\u00eb se p\u00ebr t\u00eb ruajtur balanc\u00ebn mes pushteteve n\u00eb Gjykat\u00ebn Kushtetuese, an\u00ebtar\u00ebt e saj zgjidhen me rradh\u00eb, i pari nga Presidenti, i dyti nga Kuvendi, i treti nga Gjykata e Lart\u00eb.<\/p>\n<p>Ky rregull ndiqet p\u00ebr \u00e7do vend vakant, derisa Gjykata Kushtetuese t\u00eb plot\u00ebsohet, por Edi Rama ka vendosur ta shkel\u00eb Kushtetut\u00ebn nes\u00ebr, duke zgjedhur 2 kandidat\u00eb nj\u00ebher\u00ebsh. Nj\u00eb akt q\u00eb do t\u00eb \u00e7oj\u00eb ose n\u00eb kapjen e Gjykat\u00ebs Kushtetuese, ose n\u00eb bllokimin e saj.<\/p>\n<p>N\u00eb respekt t\u00eb Kushtetut\u00ebs, Presidenti e ka zgjedhur 1 an\u00ebtar, por Edi Rama, n\u00ebp\u00ebrmjet vegl\u00ebs s\u00eb tij Ardian Dvorani n\u00eb K\u00ebshillin e Em\u00ebrimeve n\u00eb Drejt\u00ebsi ka imponuar nj\u00eb proces t\u00eb paligjsh\u00ebm dhe antikushtetues. Rama dhe Dvorani tentuan t\u00eb detyrojn\u00eb Presidentin t\u00eb zgjedh\u00eb s\u00ebrish nj\u00eb an\u00ebtar nga lista e tij me 4 emra, kur, sipas Kushtetut\u00ebs rradha i takonte Parlamentit.<\/p>\n<p>Duke qen\u00eb se kandidaturat tek lista e Presidentit dhe tek Lista e Kuvendit jan\u00eb t\u00eb nj\u00ebjtat, Presidenti, me t\u00eb drejt\u00eb, ka k\u00ebrkuar q\u00eb Kuvendi t\u00eb zgjedh\u00eb an\u00ebtarin e dyt\u00eb t\u00eb Gjykat\u00ebs Kushtetuese. N\u00eb k\u00ebt\u00eb m\u00ebnyr\u00eb, respektohet Kushtetuta p\u00ebr rradh\u00ebn e em\u00ebrimeve dhe shmanget paracaktimi i fituesve, duke garantuar nj\u00eb gar\u00eb minimale.<br \/>\nDuke zgjedhur dy an\u00ebtar\u00eb direkt, pa respektuar radh\u00ebn e Presidentit, aq m\u00eb tep\u00ebr kur nj\u00ebra nga listat nuk ka tre emra, Kuvendi i pamund\u00ebson Presidentit t\u00eb dekretoj\u00eb an\u00ebtarin sipas Kushtetut\u00ebs dhe d\u00ebrgon n\u00eb k\u00ebt\u00eb Gjykat\u00eb ata an\u00ebtar\u00eb q\u00eb i Sh\u00ebrbejn\u00eb politikisht.<\/p>\n<p>Q\u00ebllimi prapa qendrimit antikushtetues t\u00eb Edi Ram\u00ebs i sh\u00ebrben atij t\u00eb kontrolloj\u00eb sa mundet kush do t\u00eb jen\u00eb an\u00ebtar\u00ebt e rinj t\u00eb Gjykat\u00ebs Kushtetuese. Por jo vet\u00ebm kaq. Duke shkelur Kushtetut\u00ebn, Edi Rama \u00ebsht\u00eb p\u00ebrgjegj\u00ebs p\u00ebr nj\u00eb p\u00ebrplasje t\u00eb re kushtetuese, q\u00eb p\u00ebr pasoj\u00eb do t\u00eb k\u00ebt\u00eb bllokimin e Gjykat\u00ebs Kushtetuese nga Edi Rama dhe \u00ebvnien n\u00eb pik\u00ebpyetje t\u00eb legjitimitetit t\u00eb saj.<\/p>\n<p>I gjith\u00eb procesi i ngritjes s\u00eb Gjykat\u00ebs Kushtetuese \u00ebsht\u00eb kryer nga KED dhe Ardian Dvorani n\u00eb shkelje t\u00eb ligjit, por p\u00ebr t\u00eb ruajtur integritetin e Gjykat\u00ebs Kushtetuese, Partia Demokratike zgjodhi t\u00eb mos e politizoj\u00eb procesin, duke mos i komentuar k\u00ebto shkelje ligjore me q\u00ebllime politike. Tani, me p\u00ebrfshirjen e Parlamentit n\u00eb shkeljen e hapur t\u00eb Kushtetut\u00ebs nga Edi Rama, Partia Demokratike vler\u00ebson se ky akt \u00ebsht\u00eb i papranuesh\u00ebm dhe d\u00ebmton besimin e publikut tek organet e reja t\u00eb drejt\u00ebsis\u00eb dhe integritetin e Gjykat\u00ebs Kushtetuese.<\/p>\n","protected":false},"excerpt":{"rendered":"<p>&nbsp; DEKLARAT\u00cb E SEKRETARIT P\u00cbR \u00c7\u00cbSHTJET LIGJORE N\u00cb PARTIN\u00cb DEMOKRATIKE, \u00c7LIRIM GJATA. Edi Rama nuk ka asnj\u00eb q\u00ebllim t\u00eb ngrej\u00eb institucionet e reja t\u00eb pavarura t\u00eb drejt\u00ebis\u00eb. Edi Rama nuk ka p\u00ebr q\u00ebllim t\u00eb respektoj\u00eb Kushtetut\u00ebn p\u00ebr krijimin e Gjykat\u00ebs Kushtetutese. I vetmi q\u00ebllim i Edi Ram\u00ebs \u00ebsht\u00eb ai q\u00eb ka patur prej fillimit &#8211; [&hellip;]<\/p>\n","protected":false},"author":2013,"featured_media":100284,"comment_status":"open","ping_status":"closed","sticky":false,"template":"","format":"standard","meta":{"footnotes":""},"categories":[241,235],"tags":[],"class_list":{"0":"post-113163","1":"post","2":"type-post","3":"status-publish","4":"format-standard","5":"has-post-thumbnail","7":"category-aktualitet","8":"category-vendi"},"_links":{"self":[{"href":"https:\/\/zjarr.tv\/sq\/wp-json\/wp\/v2\/posts\/113163","targetHints":{"allow":["GET"]}}],"collection":[{"href":"https:\/\/zjarr.tv\/sq\/wp-json\/wp\/v2\/posts"}],"about":[{"href":"https:\/\/zjarr.tv\/sq\/wp-json\/wp\/v2\/types\/post"}],"author":[{"embeddable":true,"href":"https:\/\/zjarr.tv\/sq\/wp-json\/wp\/v2\/users\/2013"}],"replies":[{"embeddable":true,"href":"https:\/\/zjarr.tv\/sq\/wp-json\/wp\/v2\/comments?post=113163"}],"version-history":[{"count":0,"href":"https:\/\/zjarr.tv\/sq\/wp-json\/wp\/v2\/posts\/113163\/revisions"}],"wp:featuredmedia":[{"embeddable":true,"href":"https:\/\/zjarr.tv\/sq\/wp-json\/wp\/v2\/media\/100284"}],"wp:attachment":[{"href":"https:\/\/zjarr.tv\/sq\/wp-json\/wp\/v2\/media?parent=113163"}],"wp:term":[{"taxonomy":"category","embeddable":true,"href":"https:\/\/zjarr.tv\/sq\/wp-json\/wp\/v2\/categories?post=113163"},{"taxonomy":"post_tag","embeddable":true,"href":"https:\/\/zjarr.tv\/sq\/wp-json\/wp\/v2\/tags?post=113163"}],"curies":[{"name":"wp","href":"https:\/\/api.w.org\/{rel}","templated":true}]}}