{"id":113170,"date":"2019-11-10T16:27:52","date_gmt":"2019-11-10T15:27:52","guid":{"rendered":"https:\/\/zjarr.tv\/?p=113170"},"modified":"2019-11-10T16:27:52","modified_gmt":"2019-11-10T15:27:52","slug":"banoret-ne-delvine-vetem-me-1-ore-uje-ne-dite","status":"publish","type":"post","link":"https:\/\/zjarr.tv\/sq\/banoret-ne-delvine-vetem-me-1-ore-uje-ne-dite\/","title":{"rendered":"Banor\u00ebt n\u00eb Delvin\u00eb vet\u00ebm me 1 or\u00eb uj\u00eb n\u00eb dit\u00eb"},"content":{"rendered":"<p>Furnizimin me uj\u00eb me orare e vuajn\u00eb shum\u00eb qytete n\u00eb vend. Por n\u00eb \u00e7ezmat e banor\u00ebve t\u00eb Delvin\u00ebs k\u00ebto dit\u00eb uji rrjedh vet\u00ebm nj\u00eb or\u00eb n\u00eb dit\u00eb.<\/p>\n<p><em>&#8220;Nuk lahemi dot.&#8221;<\/em><\/p>\n<p>Dhe kur furnizohen, banor\u00ebt e Delvin\u00ebs thon\u00eb se uji nuk mund t\u00eb konsumohet p\u00ebr shkak t\u00eb ndotjes ndaj ata e p\u00ebrdorin vet\u00ebm p\u00ebr sh\u00ebrbime t\u00eb tjera.<\/p>\n<p><em>&#8220;E p\u00ebrdorim vet\u00ebm p\u00ebr banj\u00ebn.&#8221;<\/em><\/p>\n<p>N\u00eb k\u00ebto kushte, shp\u00ebtim p\u00ebr 10 mij\u00eb banor\u00eb \u00ebsht\u00eb nj\u00eb \u00e7ezme publike n\u00eb qytet ose detyrohen ta blejn\u00eb edhe pse \u00ebsht\u00eb nj\u00eb nga qytetet m\u00eb t\u00eb varfra n\u00eb vend.<\/p>\n<p>Problematika \u00ebsht\u00eb e vjet\u00ebr dhe bashkia thot\u00eb se do t\u00eb marr\u00eb zgjidhje me nd\u00ebrtimin e uj\u00ebsjell\u00ebsit t\u00eb ri.<\/p>\n<p>Nj\u00eb investim me vler\u00eb 2.5 milion euro q\u00eb synon q\u00eb t\u00eb garantojn\u00eb furnizim 24 or\u00eb me uj\u00eb p\u00ebr qytetin.<\/p>\n","protected":false},"excerpt":{"rendered":"<p>Furnizimin me uj\u00eb me orare e vuajn\u00eb shum\u00eb qytete n\u00eb vend. Por n\u00eb \u00e7ezmat e banor\u00ebve t\u00eb Delvin\u00ebs k\u00ebto dit\u00eb uji rrjedh vet\u00ebm nj\u00eb or\u00eb n\u00eb dit\u00eb. &#8220;Nuk lahemi dot.&#8221; Dhe kur furnizohen, banor\u00ebt e Delvin\u00ebs thon\u00eb se uji nuk mund t\u00eb konsumohet p\u00ebr shkak t\u00eb ndotjes ndaj ata e p\u00ebrdorin vet\u00ebm p\u00ebr sh\u00ebrbime t\u00eb [&hellip;]<\/p>\n","protected":false},"author":2013,"featured_media":108514,"comment_status":"open","ping_status":"closed","sticky":false,"template":"","format":"standard","meta":{"footnotes":""},"categories":[241,235],"tags":[],"class_list":{"0":"post-113170","1":"post","2":"type-post","3":"status-publish","4":"format-standard","5":"has-post-thumbnail","7":"category-aktualitet","8":"category-vendi"},"_links":{"self":[{"href":"https:\/\/zjarr.tv\/sq\/wp-json\/wp\/v2\/posts\/113170","targetHints":{"allow":["GET"]}}],"collection":[{"href":"https:\/\/zjarr.tv\/sq\/wp-json\/wp\/v2\/posts"}],"about":[{"href":"https:\/\/zjarr.tv\/sq\/wp-json\/wp\/v2\/types\/post"}],"author":[{"embeddable":true,"href":"https:\/\/zjarr.tv\/sq\/wp-json\/wp\/v2\/users\/2013"}],"replies":[{"embeddable":true,"href":"https:\/\/zjarr.tv\/sq\/wp-json\/wp\/v2\/comments?post=113170"}],"version-history":[{"count":0,"href":"https:\/\/zjarr.tv\/sq\/wp-json\/wp\/v2\/posts\/113170\/revisions"}],"wp:featuredmedia":[{"embeddable":true,"href":"https:\/\/zjarr.tv\/sq\/wp-json\/wp\/v2\/media\/108514"}],"wp:attachment":[{"href":"https:\/\/zjarr.tv\/sq\/wp-json\/wp\/v2\/media?parent=113170"}],"wp:term":[{"taxonomy":"category","embeddable":true,"href":"https:\/\/zjarr.tv\/sq\/wp-json\/wp\/v2\/categories?post=113170"},{"taxonomy":"post_tag","embeddable":true,"href":"https:\/\/zjarr.tv\/sq\/wp-json\/wp\/v2\/tags?post=113170"}],"curies":[{"name":"wp","href":"https:\/\/api.w.org\/{rel}","templated":true}]}}