{"id":113174,"date":"2019-11-10T16:34:15","date_gmt":"2019-11-10T15:34:15","guid":{"rendered":"https:\/\/zjarr.tv\/?p=113174"},"modified":"2019-11-10T16:34:15","modified_gmt":"2019-11-10T15:34:15","slug":"autoambulanca-perplas-77-vjecarin-ne-pogradec","status":"publish","type":"post","link":"https:\/\/zjarr.tv\/sq\/autoambulanca-perplas-77-vjecarin-ne-pogradec\/","title":{"rendered":"Autoambulanca p\u00ebrplas 77-vje\u00e7arin n\u00eb Pogradec"},"content":{"rendered":"<p>Nj\u00eb 77-vje\u00e7ar \u00ebsht\u00eb aksidentuar nga nj\u00eb autoambulanc\u00eb n\u00eb Pogradec. Ngjarja ka ndodhur pasditen e k\u00ebsaj t\u00eb diele, nd\u00ebrsa raportohet se i plagosur \u00ebsht\u00eb transportuar p\u00ebr n\u00eb Tiran\u00eb.<\/p>\n<p>I aksidentuari \u00ebsht\u00eb shtetasi me iniciale K.P, i cili ndodhet n\u00eb gjendje t\u00eb r\u00ebnd\u00eb sh\u00ebndet\u00ebsore.<\/p>\n<p>Pas aksidentit, policia arrestoi drejtuesin e autoambulanc\u00ebs, shtetasin LL.P 62 vje\u00e7.<\/p>\n<p>Policia dhe grupi hetimor po punon p\u00ebr zbardhjen e rrethanave t\u00eb aksidentit<\/p>\n","protected":false},"excerpt":{"rendered":"<p>Nj\u00eb 77-vje\u00e7ar \u00ebsht\u00eb aksidentuar nga nj\u00eb autoambulanc\u00eb n\u00eb Pogradec. Ngjarja ka ndodhur pasditen e k\u00ebsaj t\u00eb diele, nd\u00ebrsa raportohet se i plagosur \u00ebsht\u00eb transportuar p\u00ebr n\u00eb Tiran\u00eb. I aksidentuari \u00ebsht\u00eb shtetasi me iniciale K.P, i cili ndodhet n\u00eb gjendje t\u00eb r\u00ebnd\u00eb sh\u00ebndet\u00ebsore. Pas aksidentit, policia arrestoi drejtuesin e autoambulanc\u00ebs, shtetasin LL.P 62 vje\u00e7. Policia dhe [&hellip;]<\/p>\n","protected":false},"author":2013,"featured_media":30288,"comment_status":"open","ping_status":"closed","sticky":false,"template":"","format":"standard","meta":{"footnotes":""},"categories":[241,235],"tags":[],"class_list":{"0":"post-113174","1":"post","2":"type-post","3":"status-publish","4":"format-standard","5":"has-post-thumbnail","7":"category-aktualitet","8":"category-vendi"},"_links":{"self":[{"href":"https:\/\/zjarr.tv\/sq\/wp-json\/wp\/v2\/posts\/113174","targetHints":{"allow":["GET"]}}],"collection":[{"href":"https:\/\/zjarr.tv\/sq\/wp-json\/wp\/v2\/posts"}],"about":[{"href":"https:\/\/zjarr.tv\/sq\/wp-json\/wp\/v2\/types\/post"}],"author":[{"embeddable":true,"href":"https:\/\/zjarr.tv\/sq\/wp-json\/wp\/v2\/users\/2013"}],"replies":[{"embeddable":true,"href":"https:\/\/zjarr.tv\/sq\/wp-json\/wp\/v2\/comments?post=113174"}],"version-history":[{"count":0,"href":"https:\/\/zjarr.tv\/sq\/wp-json\/wp\/v2\/posts\/113174\/revisions"}],"wp:featuredmedia":[{"embeddable":true,"href":"https:\/\/zjarr.tv\/sq\/wp-json\/wp\/v2\/media\/30288"}],"wp:attachment":[{"href":"https:\/\/zjarr.tv\/sq\/wp-json\/wp\/v2\/media?parent=113174"}],"wp:term":[{"taxonomy":"category","embeddable":true,"href":"https:\/\/zjarr.tv\/sq\/wp-json\/wp\/v2\/categories?post=113174"},{"taxonomy":"post_tag","embeddable":true,"href":"https:\/\/zjarr.tv\/sq\/wp-json\/wp\/v2\/tags?post=113174"}],"curies":[{"name":"wp","href":"https:\/\/api.w.org\/{rel}","templated":true}]}}