{"id":114095,"date":"2019-11-16T22:20:52","date_gmt":"2019-11-16T21:20:52","guid":{"rendered":"https:\/\/zjarr.tv\/?p=114095"},"modified":"2019-11-16T13:36:24","modified_gmt":"2019-11-16T12:36:24","slug":"termeti-me-magnitude-4-2-godet-ishullin-grek-ja-ku-ishte-epiqendra","status":"publish","type":"post","link":"https:\/\/zjarr.tv\/sq\/termeti-me-magnitude-4-2-godet-ishullin-grek-ja-ku-ishte-epiqendra\/","title":{"rendered":"T\u00ebrmeti me magnitud\u00eb 4.2 godet ishullin grek, ja ku ishte epiqendra"},"content":{"rendered":"<p>Nj\u00eb t\u00ebrmet me madh\u00ebsi 4.2 t\u00eb shkall\u00ebs Rihter ndodhi mbr\u00ebmjen e s\u00eb s\u00eb premtes n\u00eb 20:15 me or\u00ebn lokale, 91 kilometra n\u00eb jug t\u00eb Athin\u00ebs dhe 32 kilometra n\u00eb juglindje t\u00eb Hidr\u00ebs, sipas Qendr\u00ebs Sizmologjike Euro-Mesdhetare.<\/p>\n<div id=\"videoad\"><\/div>\n<div id=\"pa_1x1_psbk_1573907764140\"><\/div>\n<p>T\u00ebrmeti ishte sip\u00ebrfaq\u00ebsor, me nj\u00eb thell\u00ebsi fokale prej rreth pes\u00eb kilometrash dhe p\u00ebr k\u00ebt\u00eb arsye u ndje n\u00eb shum\u00eb zona t\u00eb Attik\u00ebs.<\/p>\n<p>Sipas presidentit t\u00eb OASP, Profesori i Gjeologjis\u00eb Efthimi Lekkas, rajoni i Hydras ka qen\u00eb historikisht me ndjeshm\u00ebri t\u00eb ul\u00ebt sizmike nd\u00ebrkoh\u00eb q\u00eb dridhjet e sotme ishin n\u00eb potencialin e tij maksimal.<\/p>\n","protected":false},"excerpt":{"rendered":"<p>Nj\u00eb t\u00ebrmet me madh\u00ebsi 4.2 t\u00eb shkall\u00ebs Rihter ndodhi mbr\u00ebmjen e s\u00eb s\u00eb premtes n\u00eb 20:15 me or\u00ebn lokale, 91 kilometra n\u00eb jug t\u00eb Athin\u00ebs dhe 32 kilometra n\u00eb juglindje t\u00eb Hidr\u00ebs, sipas Qendr\u00ebs Sizmologjike Euro-Mesdhetare. T\u00ebrmeti ishte sip\u00ebrfaq\u00ebsor, me nj\u00eb thell\u00ebsi fokale prej rreth pes\u00eb kilometrash dhe p\u00ebr k\u00ebt\u00eb arsye u ndje n\u00eb shum\u00eb [&hellip;]<\/p>\n","protected":false},"author":2013,"featured_media":67195,"comment_status":"open","ping_status":"closed","sticky":false,"template":"","format":"standard","meta":{"footnotes":""},"categories":[241,2],"tags":[],"class_list":{"0":"post-114095","1":"post","2":"type-post","3":"status-publish","4":"format-standard","5":"has-post-thumbnail","7":"category-aktualitet","8":"category-rajoni"},"_links":{"self":[{"href":"https:\/\/zjarr.tv\/sq\/wp-json\/wp\/v2\/posts\/114095","targetHints":{"allow":["GET"]}}],"collection":[{"href":"https:\/\/zjarr.tv\/sq\/wp-json\/wp\/v2\/posts"}],"about":[{"href":"https:\/\/zjarr.tv\/sq\/wp-json\/wp\/v2\/types\/post"}],"author":[{"embeddable":true,"href":"https:\/\/zjarr.tv\/sq\/wp-json\/wp\/v2\/users\/2013"}],"replies":[{"embeddable":true,"href":"https:\/\/zjarr.tv\/sq\/wp-json\/wp\/v2\/comments?post=114095"}],"version-history":[{"count":0,"href":"https:\/\/zjarr.tv\/sq\/wp-json\/wp\/v2\/posts\/114095\/revisions"}],"wp:featuredmedia":[{"embeddable":true,"href":"https:\/\/zjarr.tv\/sq\/wp-json\/wp\/v2\/media\/67195"}],"wp:attachment":[{"href":"https:\/\/zjarr.tv\/sq\/wp-json\/wp\/v2\/media?parent=114095"}],"wp:term":[{"taxonomy":"category","embeddable":true,"href":"https:\/\/zjarr.tv\/sq\/wp-json\/wp\/v2\/categories?post=114095"},{"taxonomy":"post_tag","embeddable":true,"href":"https:\/\/zjarr.tv\/sq\/wp-json\/wp\/v2\/tags?post=114095"}],"curies":[{"name":"wp","href":"https:\/\/api.w.org\/{rel}","templated":true}]}}