{"id":114162,"date":"2019-11-17T14:11:23","date_gmt":"2019-11-17T13:11:23","guid":{"rendered":"https:\/\/zjarr.tv\/?p=114162"},"modified":"2019-11-17T14:11:23","modified_gmt":"2019-11-17T13:11:23","slug":"operacioni-ne-nikel-vihen-ne-pranga-dy-personat-e-kerkuar-emrat-dhe-akuza","status":"publish","type":"post","link":"https:\/\/zjarr.tv\/sq\/operacioni-ne-nikel-vihen-ne-pranga-dy-personat-e-kerkuar-emrat-dhe-akuza\/","title":{"rendered":"Operacioni n\u00eb Nik\u00ebl, vihen n\u00eb pranga dy personat e k\u00ebrkuar. Emrat dhe akuza"},"content":{"rendered":"<p>Agron Bami 33 vje\u00e7, banues n\u00eb fshatin Nik\u00ebl, Kruj\u00eb dhe Gezim Ndoj 40 vje\u00e7, banues n\u00eb Fush\u00eb Arr\u00ebz, Puk\u00eb jane personat qe jane vene ne pranga nga policia.<\/p>\n<div id=\"rekl-13\">\n<div id=\"__sap-ad-15\" class=\"__sap-ads __sap-html tracked\" data-title=\"Credins desktop 08\"><ins><\/p>\n<div id=\"beacon_f8c7a0f999\"><img loading=\"lazy\" decoding=\"async\" src=\"https:\/\/ads1.medium.al\/www\/delivery\/lg.php?bannerid=429&amp;campaignid=59&amp;zoneid=232&amp;loc=https%3A%2F%2Fwww.syri.net%2Fkronike%2F294937%2Foperacioni-ne-nikel-vihen-ne-pranga-dy-personat-e-kerkuar-emrat-dhe-akuza%2F&amp;referer=https%3A%2F%2Fwww.syri.net%2Flajme%2F&amp;cb=f8c7a0f999\" alt=\"\" width=\"0\" height=\"0\" \/><\/div>\n<p><\/ins><\/div>\n<\/div>\n<p>\u201cPas hetimeve proaktive t\u00eb kryera nga Policia e Puk\u00ebs, n\u00eb bashk\u00ebpunim me Prokurorin\u00eb, rezultoi se k\u00ebta shtetas n\u00eb bashk\u00ebpunim dhe me shtetasin J. Gj. (i arrestuar 2 dit\u00eb m\u00eb par\u00eb) dyshohen si autor\u00eb t\u00eb vepr\u00ebs penale \u201cKultivimi i bim\u00ebve narkotike e kryer n\u00eb bashk\u00ebpunim\u201d, ndodhur n\u00eb vitin 2018 n\u00eb Fush\u00eb Arr\u00ebz , si dhe p\u00ebr \u201cArm\u00ebmbajtje pa leje\u201d. njofton policia.<\/p>\n<p>Ja njoftimi i policis\u00eb:<\/p>\n<p>Nga strukturat e Komisariatit t\u00eb Policis\u00eb Puk\u00eb n\u00eb bashk\u00ebpunim me forcat e Komisariatit t\u00eb Policis\u00eb Kruj\u00eb n\u00eb vijim t\u00eb operacionit \u201cLokalizimi\u201d n\u00eb fshatin Nik\u00ebl, Kruj\u00eb, u b\u00eb kapja dhe ndalimi edhe i dy shtetasve t\u00eb tjer\u00eb t\u00eb shpallur n\u00eb k\u00ebrkim:<\/p>\n<p>A. B. 33 vje\u00e7, banues n\u00eb fshatin Nik\u00ebl, Kruj\u00eb dhe G. N. 40 vje\u00e7, banues n\u00eb Fush\u00eb Arr\u00ebz, Puk\u00eb.<\/p>\n<p>Pas hetimeve proaktive t\u00eb kryera nga Policia e Puk\u00ebs, n\u00eb bashk\u00ebpunim me Prokurorin\u00eb, rezultoi se k\u00ebta shtetas n\u00eb bashk\u00ebpunim dhe me shtetasin J. Gj. (i arrestuar 2 dit\u00eb m\u00eb par\u00eb) dyshohen si autor\u00eb t\u00eb vepr\u00ebs penale \u201cKultivimi i bim\u00ebve narkotike e kryer n\u00eb bashk\u00ebpunim\u201d, ndodhur n\u00eb vitin 2018 n\u00eb Fush\u00eb Arr\u00ebz , si dhe p\u00ebr \u201cArm\u00ebmbajtje pa leje\u201d<\/p>\n<p>Vijojn\u00eb hetimet p\u00ebr dokumentimin e plot\u00eb t\u00eb k\u00ebtij aktiviteti kriminal.<\/p>\n<p>Materialet iu referuan Prokuroris\u00eb s\u00eb Rrethit Gjyq\u00ebsor Puk\u00eb p\u00ebr veprime t\u00eb m\u00ebtejshme.<\/p>\n","protected":false},"excerpt":{"rendered":"<p>Agron Bami 33 vje\u00e7, banues n\u00eb fshatin Nik\u00ebl, Kruj\u00eb dhe Gezim Ndoj 40 vje\u00e7, banues n\u00eb Fush\u00eb Arr\u00ebz, Puk\u00eb jane personat qe jane vene ne pranga nga policia. \u201cPas hetimeve proaktive t\u00eb kryera nga Policia e Puk\u00ebs, n\u00eb bashk\u00ebpunim me Prokurorin\u00eb, rezultoi se k\u00ebta shtetas n\u00eb bashk\u00ebpunim dhe me shtetasin J. Gj. (i arrestuar 2 [&hellip;]<\/p>\n","protected":false},"author":2013,"featured_media":110858,"comment_status":"open","ping_status":"closed","sticky":false,"template":"","format":"standard","meta":{"footnotes":""},"categories":[241,235],"tags":[],"class_list":{"0":"post-114162","1":"post","2":"type-post","3":"status-publish","4":"format-standard","5":"has-post-thumbnail","7":"category-aktualitet","8":"category-vendi"},"_links":{"self":[{"href":"https:\/\/zjarr.tv\/sq\/wp-json\/wp\/v2\/posts\/114162","targetHints":{"allow":["GET"]}}],"collection":[{"href":"https:\/\/zjarr.tv\/sq\/wp-json\/wp\/v2\/posts"}],"about":[{"href":"https:\/\/zjarr.tv\/sq\/wp-json\/wp\/v2\/types\/post"}],"author":[{"embeddable":true,"href":"https:\/\/zjarr.tv\/sq\/wp-json\/wp\/v2\/users\/2013"}],"replies":[{"embeddable":true,"href":"https:\/\/zjarr.tv\/sq\/wp-json\/wp\/v2\/comments?post=114162"}],"version-history":[{"count":0,"href":"https:\/\/zjarr.tv\/sq\/wp-json\/wp\/v2\/posts\/114162\/revisions"}],"wp:featuredmedia":[{"embeddable":true,"href":"https:\/\/zjarr.tv\/sq\/wp-json\/wp\/v2\/media\/110858"}],"wp:attachment":[{"href":"https:\/\/zjarr.tv\/sq\/wp-json\/wp\/v2\/media?parent=114162"}],"wp:term":[{"taxonomy":"category","embeddable":true,"href":"https:\/\/zjarr.tv\/sq\/wp-json\/wp\/v2\/categories?post=114162"},{"taxonomy":"post_tag","embeddable":true,"href":"https:\/\/zjarr.tv\/sq\/wp-json\/wp\/v2\/tags?post=114162"}],"curies":[{"name":"wp","href":"https:\/\/api.w.org\/{rel}","templated":true}]}}