{"id":114164,"date":"2019-11-17T14:13:32","date_gmt":"2019-11-17T13:13:32","guid":{"rendered":"https:\/\/zjarr.tv\/?p=114164"},"modified":"2019-11-17T14:13:32","modified_gmt":"2019-11-17T13:13:32","slug":"zgjidhet-kreu-i-ri-i-frpd-ne-tropoje-kellici-ta-largojme-qeverine-qe-smban-asnje-premtim","status":"publish","type":"post","link":"https:\/\/zjarr.tv\/sq\/zgjidhet-kreu-i-ri-i-frpd-ne-tropoje-kellici-ta-largojme-qeverine-qe-smban-asnje-premtim\/","title":{"rendered":"Zgjidhet kreu i ri i FRPD n\u00eb Tropoj\u00eb, K\u00eblli\u00e7i: Ta largojm\u00eb qeverin\u00eb q\u00eb s&#8217;mban asnj\u00eb premtim"},"content":{"rendered":"<p>Belind K\u00eblli\u00e7i, kryetari i FRPD-s\u00eb, i ka b\u00ebr\u00eb thirrje shqiptar\u00ebve dhe n\u00eb ve\u00e7anti t\u00eb rinjve\u00a0n\u00eb t\u00eb gjith\u00eb vendin, q\u00eb t\u00eb b\u00ebhen pjes\u00eb e ndryshimit, \u201cShqip\u00ebris\u00eb q\u00eb duam&#8221; p\u00ebr t\u00eb larguar\u00a0nj\u00eb qeveri dhe nj\u00eb kryeminist\u00ebr q\u00eb nuk mban asnj\u00eb premtim.<\/p>\n<p>Pasi mori pjes\u00eb n\u00eb riorganizimin e deg\u00ebs s\u00eb FRPD n\u00eb Tropoj\u00eb, \u00a0K\u00eblli\u00e7i shkroi n\u00eb Fb: \u201c P\u00ebrfundoi me sukses riorganizimi i FRPD Tropoj\u00eb. Urime kryetarit te ri Ardon Bre\u00e7ani dhe zv.kryetarit t\u00eb ri\u00a0Erkand Sinani.<\/p>\n<p>Papun\u00ebsia, shpopullimi i k\u00ebsaj zone p\u00ebrmes emigracionit masiv si dhe rikthimi i shpres\u00ebs ishin temat kryesore t\u00eb diskutimit. Asgj\u00eb nuk do t\u00eb ndryshoj\u00eb p\u00ebr t\u00eb ardhmen ton\u00eb, n\u00ebse t\u00eb rinjte nuk marrin vet\u00eb n\u00eb dor\u00eb fatin e tyre. Ky ishte dhe zotimi i FRPD Tropoj\u00eb!<\/p>\n<p>Shqip\u00ebria nuk mund t\u00eb vazhdoj\u00eb t\u00eb humbas\u00eb vajzat e djemt\u00eb e saj m\u00eb t\u00eb mir\u00eb duke u larguar n\u00eb azil politik, por shqiptar\u00ebt duhet p\u00ebrfundimisht t\u00eb largojn\u00eb nj\u00eb qeveri q\u00eb nuk punon p\u00ebr interesin e tyre dhe nj\u00eb kryeminist\u00ebr si Edi Rama, q\u00eb nuk mban asnj\u00eb premtim. Ndryshimi po vjen, ejani b\u00ebhuni pjes\u00eb e Shqip\u00ebrise q\u00eb duam.\u201d<\/p>\n<div class=\"fotogaleri\">\n<div class=\"bx-wrapper\">\n<div class=\"bx-viewport\">\n<ul class=\"read-slider\">\n<li><a href=\"https:\/\/www.syri.net\/uploads\/syri.net\/images\/2019\/November\/17\/75210827_10157425360870325_3673627768995708928_n1573983994.jpg\" data-lightbox=\"images\"><img decoding=\"async\" src=\"https:\/\/www.syri.net\/uploads\/syri.net\/images\/2019\/November\/17\/auto_75210827_10157425360870325_3673627768995708928_n1573983994.jpg\" \/><\/a><\/li>\n<\/ul>\n<\/div>\n<\/div>\n<\/div>\n","protected":false},"excerpt":{"rendered":"<p>Belind K\u00eblli\u00e7i, kryetari i FRPD-s\u00eb, i ka b\u00ebr\u00eb thirrje shqiptar\u00ebve dhe n\u00eb ve\u00e7anti t\u00eb rinjve\u00a0n\u00eb t\u00eb gjith\u00eb vendin, q\u00eb t\u00eb b\u00ebhen pjes\u00eb e ndryshimit, \u201cShqip\u00ebris\u00eb q\u00eb duam&#8221; p\u00ebr t\u00eb larguar\u00a0nj\u00eb qeveri dhe nj\u00eb kryeminist\u00ebr q\u00eb nuk mban asnj\u00eb premtim. Pasi mori pjes\u00eb n\u00eb riorganizimin e deg\u00ebs s\u00eb FRPD n\u00eb Tropoj\u00eb, \u00a0K\u00eblli\u00e7i shkroi n\u00eb Fb: \u201c [&hellip;]<\/p>\n","protected":false},"author":2013,"featured_media":114166,"comment_status":"open","ping_status":"closed","sticky":false,"template":"","format":"standard","meta":{"footnotes":""},"categories":[241,235],"tags":[],"class_list":{"0":"post-114164","1":"post","2":"type-post","3":"status-publish","4":"format-standard","5":"has-post-thumbnail","7":"category-aktualitet","8":"category-vendi"},"_links":{"self":[{"href":"https:\/\/zjarr.tv\/sq\/wp-json\/wp\/v2\/posts\/114164","targetHints":{"allow":["GET"]}}],"collection":[{"href":"https:\/\/zjarr.tv\/sq\/wp-json\/wp\/v2\/posts"}],"about":[{"href":"https:\/\/zjarr.tv\/sq\/wp-json\/wp\/v2\/types\/post"}],"author":[{"embeddable":true,"href":"https:\/\/zjarr.tv\/sq\/wp-json\/wp\/v2\/users\/2013"}],"replies":[{"embeddable":true,"href":"https:\/\/zjarr.tv\/sq\/wp-json\/wp\/v2\/comments?post=114164"}],"version-history":[{"count":0,"href":"https:\/\/zjarr.tv\/sq\/wp-json\/wp\/v2\/posts\/114164\/revisions"}],"wp:featuredmedia":[{"embeddable":true,"href":"https:\/\/zjarr.tv\/sq\/wp-json\/wp\/v2\/media\/114166"}],"wp:attachment":[{"href":"https:\/\/zjarr.tv\/sq\/wp-json\/wp\/v2\/media?parent=114164"}],"wp:term":[{"taxonomy":"category","embeddable":true,"href":"https:\/\/zjarr.tv\/sq\/wp-json\/wp\/v2\/categories?post=114164"},{"taxonomy":"post_tag","embeddable":true,"href":"https:\/\/zjarr.tv\/sq\/wp-json\/wp\/v2\/tags?post=114164"}],"curies":[{"name":"wp","href":"https:\/\/api.w.org\/{rel}","templated":true}]}}