{"id":114165,"date":"2019-11-17T14:19:21","date_gmt":"2019-11-17T13:19:21","guid":{"rendered":"https:\/\/zjarr.tv\/?p=114165"},"modified":"2019-11-17T14:19:21","modified_gmt":"2019-11-17T13:19:21","slug":"basha-takim-me-fermeret-ne-lushnje","status":"publish","type":"post","link":"https:\/\/zjarr.tv\/sq\/basha-takim-me-fermeret-ne-lushnje\/","title":{"rendered":"Basha, takim me fermer\u00ebt n\u00eb Lushnj\u00eb"},"content":{"rendered":"<p>Kryetari i opozit\u00ebs Lulzim Basha e ka theksuar s\u00ebrish sot, se Partia Demokratike, q\u00eb dit\u00ebn e par\u00eb n\u00eb qeverisje, do t\u00eb anuloj\u00eb\u00a0<em>&#8220;t\u00eb ashtuquajturat koncensione dhe PPP q\u00eb nuk jan\u00eb tjet\u00ebr p\u00ebrve\u00e7se kontrata korruptive dhe hajdut\u00ebrie&#8221;<\/em>.<\/p>\n<p>N\u00eb nj\u00eb takim me fermer\u00ebt e Lushnj\u00ebs dhe t\u00eb Divjak\u00ebs, Basha tha:\u00a0<em>\u201cThemeli i politik\u00ebs son\u00eb p\u00ebr t\u00eb mb\u00ebshtetur fermer\u00ebt, p\u00ebr t\u00eb \u00e7liruar fermer\u00ebt nga ajo zgjedh\u00eb, \u00ebsht\u00eb kjo: parat\u00eb q\u00eb sot shkojn\u00eb tek ata, tek ai grusht njer\u00ebzish p\u00ebr t\u00eb cil\u00ebt punon e gjith\u00eb Shqip\u00ebria, q\u00eb dit\u00ebn e par\u00eb t\u00eb gjitha k\u00ebto kontrata hajdut\u00ebria \u2013se s\u2019dua t\u2019u them koncensione e PPP, se s\u2019jan\u00eb koncensione, as PPP\u00a0 &#8211; ato q\u00eb dit\u00ebn e par\u00eb do t\u00eb anulohen&#8221;<\/em>.<\/p>\n<p><em>&#8220;P\u00ebrgjegj\u00ebsit do t\u00eb \u00e7ohen para ligjit. Ne do t\u00eb ngrem\u00eb nj\u00eb mekaniz\u00ebm q\u00eb do t\u00eb gjurmoj\u00eb ku i kan\u00eb \u00e7uar ato para, n\u00eb \u00e7far\u00ebdo forme, edhe po t\u2019i ken\u00eb ngurt\u00ebsuar, dhe nj\u00eb gj\u00eb ju siguroj: ato qindra milion\u00eb euro q\u00eb sot gllab\u00ebrohen n\u00eb forma t\u00eb ndryshme, do t\u00eb kthehen t\u00eb gjitha n\u00eb sh\u00ebrbim t\u00eb njer\u00ebzve.<\/em><\/p>\n<p><em>Konkretisht, p\u00ebr fermerin do t\u00eb kthehen n\u00eb nj\u00eb buxhet minimalisht me buxhetin q\u00eb ka Kosova, Maqedonia e Veriut.\u201d<\/em><\/p>\n<p><em>\u201cJu do pyesni mos \u00ebsht\u00eb m\u00eb mir\u00eb q\u00eb kryetari i opozit\u00ebs t\u00eb rrij\u00eb n\u00eb Tiran\u00eb e t\u00eb merret me kriz\u00ebn politike! Un\u00eb kam zgjedhur ta shoh k\u00ebt\u00eb kriz\u00eb me syt\u00eb tuaj. Kam ardhur t\u00eb ju d\u00ebgjoj e t\u00eb shtrojm\u00eb s\u00eb bashku zgjidhjet p\u00ebr hallet q\u00eb i kan\u00eb v\u00ebn\u00eb p\u00ebrfund familjet shqiptare, ve\u00e7an\u00ebrisht n\u00eb zonat rurale. Blegtoria \u00ebsht\u00eb totalisht e braktisur duke nxitur m\u00eb shum\u00eb braktisjen e zonave rurale. Fshatrat tona zbrazen q\u00eb t\u00eb nxitet importi i produkteve nga jasht\u00eb sepse kontrollohet nga 4-5 oligark\u00eb t\u00eb kal\u00e7etos dhe kjo bie n\u00eb kurrizin tuaj. Dixhitalizimi i bujq\u00ebsis\u00eb \u00ebsht\u00eb jet\u00ebsor. Me nj\u00eb \u00e7ip shmang burokrat\u00ebt dhe hajdut\u00ebt, duke ofruar subvencionet direkte. \u00cbsht\u00eb fare e thjesht\u00eb, sepse \u00e7ipi nuk k\u00ebrkon kafe. Mendja e k\u00ebtij shteti \u00ebsht\u00eb t\u00eb nxjerr\u00eb edhe kacidhet nga xhepi juaj. Ka nxjerr\u00eb lloj-lloj m\u00ebnyrash p\u00ebr ta b\u00ebr\u00eb k\u00ebt\u00eb. Ne ofrojm\u00eb liri p\u00ebr t\u00eb punuar dhe p\u00ebr t\u00eb fituar. Liria dhe \u00e7lirimi nga frika e shtetit \u00ebsht\u00eb gj\u00ebja e par\u00eb q\u00eb do t\u00eb b\u00ebjm\u00eb. Nuk do t\u00eb shikoni m\u00eb inspektor\u00eb si grer\u00ebza pas mjaltit q\u00eb vijn\u00eb t\u2019ju marrin ju gjith\u00e7ka. Zgjidhja e duhur p\u00ebr fermer\u00ebt q\u00eb t\u00eb punoj\u00eb rehat \u00ebsht\u00eb zerimi i kostos s\u00eb prodhimit dhe kjo b\u00ebhet vet\u00ebm me skem\u00ebn e subvencioneve direkte. Sot shtetin e keni kund\u00ebr dhe ju shikon nga xhepi se si t\u2019ju marr\u00eb edhe kacidhen e fundit. Shteti nuk \u00ebsht\u00eb p\u00ebr t\u2019ju ndihmuar. Ky shtet \u00ebsht\u00eb nj\u00eb kal\u00e7eto hajdut\u00ebrie e korrupsioni. Ky shtet ju sheh vet\u00ebm si lop\u00eb p\u00ebr t\u2019ju mjel\u00eb. Q\u00eb nga 1912, Edi Rama \u00ebsht\u00eb i vetmi q\u00eb ka arritur rekordin q\u00eb Shqip\u00ebria t\u00eb jet\u00eb e treta n\u00eb bot\u00eb m\u00eb e korruptuar. Zgjidhja \u00ebsht\u00eb q\u00eb parat\u00eb q\u00eb shkojn\u00eb tek ata oligark\u00eb t\u00eb kal\u00e7etos t\u00eb shkojn\u00eb tek fermeri&#8221;.<\/em><\/p>\n<p><em>&#8220;Koncensionet dhe PPP-t\u00eb do t\u00eb anulohen dhe parat\u00eb do t\u00eb kthehen n\u00eb sh\u00ebrbim t\u00eb njer\u00ebzve. P\u00ebr fermer\u00ebt do t\u00eb kthehen n\u00eb nj\u00eb buxhet 100 milion euro p\u00ebr mb\u00ebshtetje direkte p\u00ebr fermerin&#8221;.<\/em><\/p>\n","protected":false},"excerpt":{"rendered":"<p>Kryetari i opozit\u00ebs Lulzim Basha e ka theksuar s\u00ebrish sot, se Partia Demokratike, q\u00eb dit\u00ebn e par\u00eb n\u00eb qeverisje, do t\u00eb anuloj\u00eb\u00a0&#8220;t\u00eb ashtuquajturat koncensione dhe PPP q\u00eb nuk jan\u00eb tjet\u00ebr p\u00ebrve\u00e7se kontrata korruptive dhe hajdut\u00ebrie&#8221;. N\u00eb nj\u00eb takim me fermer\u00ebt e Lushnj\u00ebs dhe t\u00eb Divjak\u00ebs, Basha tha:\u00a0\u201cThemeli i politik\u00ebs son\u00eb p\u00ebr t\u00eb mb\u00ebshtetur fermer\u00ebt, p\u00ebr [&hellip;]<\/p>\n","protected":false},"author":2013,"featured_media":114171,"comment_status":"open","ping_status":"closed","sticky":false,"template":"","format":"standard","meta":{"footnotes":""},"categories":[241,235],"tags":[],"class_list":{"0":"post-114165","1":"post","2":"type-post","3":"status-publish","4":"format-standard","5":"has-post-thumbnail","7":"category-aktualitet","8":"category-vendi"},"_links":{"self":[{"href":"https:\/\/zjarr.tv\/sq\/wp-json\/wp\/v2\/posts\/114165","targetHints":{"allow":["GET"]}}],"collection":[{"href":"https:\/\/zjarr.tv\/sq\/wp-json\/wp\/v2\/posts"}],"about":[{"href":"https:\/\/zjarr.tv\/sq\/wp-json\/wp\/v2\/types\/post"}],"author":[{"embeddable":true,"href":"https:\/\/zjarr.tv\/sq\/wp-json\/wp\/v2\/users\/2013"}],"replies":[{"embeddable":true,"href":"https:\/\/zjarr.tv\/sq\/wp-json\/wp\/v2\/comments?post=114165"}],"version-history":[{"count":0,"href":"https:\/\/zjarr.tv\/sq\/wp-json\/wp\/v2\/posts\/114165\/revisions"}],"wp:featuredmedia":[{"embeddable":true,"href":"https:\/\/zjarr.tv\/sq\/wp-json\/wp\/v2\/media\/114171"}],"wp:attachment":[{"href":"https:\/\/zjarr.tv\/sq\/wp-json\/wp\/v2\/media?parent=114165"}],"wp:term":[{"taxonomy":"category","embeddable":true,"href":"https:\/\/zjarr.tv\/sq\/wp-json\/wp\/v2\/categories?post=114165"},{"taxonomy":"post_tag","embeddable":true,"href":"https:\/\/zjarr.tv\/sq\/wp-json\/wp\/v2\/tags?post=114165"}],"curies":[{"name":"wp","href":"https:\/\/api.w.org\/{rel}","templated":true}]}}