{"id":114175,"date":"2019-11-17T14:22:20","date_gmt":"2019-11-17T13:22:20","guid":{"rendered":"https:\/\/zjarr.tv\/?p=114175"},"modified":"2019-11-17T14:22:20","modified_gmt":"2019-11-17T13:22:20","slug":"ftesa-e-osbe-se-ps-dhe-pd-ulen-serish-bashke-per-reformen-zgjedhore","status":"publish","type":"post","link":"https:\/\/zjarr.tv\/sq\/ftesa-e-osbe-se-ps-dhe-pd-ulen-serish-bashke-per-reformen-zgjedhore\/","title":{"rendered":"Ftesa e OSBE-s\u00eb\/ PS dhe PD ulen s\u00ebrish bashk\u00eb p\u00ebr reform\u00ebn zgjedhore"},"content":{"rendered":"<p>Partia Demokratike dhe Partia Socialiste do t\u00eb ulen s\u00ebrish s\u00eb bashku n\u00eb nj\u00eb tryez\u00eb p\u00ebr reform\u00ebn zgjedhore.\u00a0Vizion Plus raporton se opozita ka pranuar ftes\u00ebn e OSBE dhe t\u00eb mart\u00ebn do jet\u00eb e pranishme n\u00eb tryez\u00eb.<\/p>\n<p>Tryeza do t\u00eb ket\u00eb n\u00eb fokus financimin e partive politike dhe fushat\u00ebs zgjedhore. Ajo do jet\u00eb tryeza e dyt\u00eb q\u00eb OSBE dhe komisioni i posa\u00e7\u00ebm p\u00ebr reform\u00ebn elektorale organizojn\u00eb p\u00ebr ndryshimin e kuadrit ligjor p\u00ebr zgjedhjet.<\/p>\n<p>Ashtu si ne tryez\u00ebn e par\u00eb, s\u00ebrish Partia Demokratike do t\u00eb p\u00ebrfaq\u00ebsohet n\u00eb nivel teknik n\u00eb k\u00ebt\u00eb takim, duke treguar vullnetin e saj p\u00ebr realizimin e reform\u00ebs zgjedhore.<\/p>\n<p>Ndryshe nga masat e propozuar nga komisioni parlamentar p\u00ebr transparenc\u00ebn e financimit t\u00eb partive politike, opozita k\u00ebrkon q\u00eb shpenzimet e partive n\u00eb fushat\u00eb t\u00eb mbulohen n\u00eb mas\u00ebn 100% nga shteti, duke nxjerr\u00eb jasht\u00eb loje financimet private. Por n\u00eb k\u00ebt\u00eb situat\u00eb nuk jan\u00eb zgjidhjet teknike ato q\u00eb ndajn\u00eb pal\u00ebt.<\/p>\n<p>Partia Demokratike ka deklaruar se nuk e njeh Komisionin e Posa\u00e7\u00ebm Parlamentar duke k\u00ebrkuar q\u00eb reforma t\u00eb realizohet nga PS e PD me pranin\u00eb e nd\u00ebrkomb\u00ebtar\u00ebve. Ky kusht ka b\u00ebr\u00eb q\u00eb t\u00eb dy kampet t\u00eb punojn\u00eb paralelisht p\u00ebr reform\u00ebn elektorale, secila me ekspert\u00ebt e saj.<\/p>\n<p>Por edhe pse ende nuk ka shenja kompromisi, mazhoranca e dha shenj\u00ebn e par\u00eb t\u00eb t\u00ebrheqjes dit\u00ebn e premte. Shumica hoqi dor\u00eb nga angazhimi p\u00ebr t\u00eb miratuar reform\u00ebn zgjedhore brenda k\u00ebtij viti, duke shtyr\u00eb afatin e komisionit.<\/p>\n<p>Tashm\u00eb t\u00eb dy pal\u00ebt kan\u00eb koh\u00eb deri n\u00eb fund t\u00eb muajit shkurt p\u00ebr t\u00eb realizuar nj\u00eb reform\u00eb zgjedhore konsensuale.<\/p>\n","protected":false},"excerpt":{"rendered":"<p>Partia Demokratike dhe Partia Socialiste do t\u00eb ulen s\u00ebrish s\u00eb bashku n\u00eb nj\u00eb tryez\u00eb p\u00ebr reform\u00ebn zgjedhore.\u00a0Vizion Plus raporton se opozita ka pranuar ftes\u00ebn e OSBE dhe t\u00eb mart\u00ebn do jet\u00eb e pranishme n\u00eb tryez\u00eb. Tryeza do t\u00eb ket\u00eb n\u00eb fokus financimin e partive politike dhe fushat\u00ebs zgjedhore. Ajo do jet\u00eb tryeza e dyt\u00eb q\u00eb [&hellip;]<\/p>\n","protected":false},"author":2013,"featured_media":0,"comment_status":"open","ping_status":"closed","sticky":false,"template":"","format":"standard","meta":{"footnotes":""},"categories":[241,235],"tags":[],"class_list":{"0":"post-114175","1":"post","2":"type-post","3":"status-publish","4":"format-standard","6":"category-aktualitet","7":"category-vendi"},"_links":{"self":[{"href":"https:\/\/zjarr.tv\/sq\/wp-json\/wp\/v2\/posts\/114175","targetHints":{"allow":["GET"]}}],"collection":[{"href":"https:\/\/zjarr.tv\/sq\/wp-json\/wp\/v2\/posts"}],"about":[{"href":"https:\/\/zjarr.tv\/sq\/wp-json\/wp\/v2\/types\/post"}],"author":[{"embeddable":true,"href":"https:\/\/zjarr.tv\/sq\/wp-json\/wp\/v2\/users\/2013"}],"replies":[{"embeddable":true,"href":"https:\/\/zjarr.tv\/sq\/wp-json\/wp\/v2\/comments?post=114175"}],"version-history":[{"count":0,"href":"https:\/\/zjarr.tv\/sq\/wp-json\/wp\/v2\/posts\/114175\/revisions"}],"wp:attachment":[{"href":"https:\/\/zjarr.tv\/sq\/wp-json\/wp\/v2\/media?parent=114175"}],"wp:term":[{"taxonomy":"category","embeddable":true,"href":"https:\/\/zjarr.tv\/sq\/wp-json\/wp\/v2\/categories?post=114175"},{"taxonomy":"post_tag","embeddable":true,"href":"https:\/\/zjarr.tv\/sq\/wp-json\/wp\/v2\/tags?post=114175"}],"curies":[{"name":"wp","href":"https:\/\/api.w.org\/{rel}","templated":true}]}}