{"id":114178,"date":"2019-11-17T14:24:03","date_gmt":"2019-11-17T13:24:03","guid":{"rendered":"https:\/\/zjarr.tv\/?p=114178"},"modified":"2019-11-17T14:24:03","modified_gmt":"2019-11-17T13:24:03","slug":"njeri-ne-kerkim-tjetri-i-dyshuar-per-5-vjedhje-prangosen-dy-vlonjatet","status":"publish","type":"post","link":"https:\/\/zjarr.tv\/sq\/njeri-ne-kerkim-tjetri-i-dyshuar-per-5-vjedhje-prangosen-dy-vlonjatet\/","title":{"rendered":"Nj\u00ebri n\u00eb k\u00ebrkim, tjetri i dyshuar p\u00ebr 5 vjedhje, prangosen dy vlonjat\u00ebt"},"content":{"rendered":"<p>Nga policia e Vlor\u00ebs jan\u00eb ndaluar gjat\u00eb or\u00ebve te fundit dy perosna.<\/p>\n<p>Nj\u00ebri ishte shpallur n\u00eb k\u00ebrkim \u00a0p\u00ebr kund\u00ebrshtrim t\u00eb punonj\u00ebsve t\u00eb policis\u00eb dhe tjetri \u00ebsht\u00eb i dyshuar p\u00ebr 5 vjedhje ndodhur n\u00eb k\u00ebt qytet.<\/p>\n<p><strong>Ja njoftimi i plot\u00eb i policis\u00eb:<\/strong><\/p>\n<p>Vlor\u00eb<\/p>\n<p>Policia ka arrestuar dy shtetas, nj\u00ebri prej tyre n\u00eb k\u00ebrkim:<\/p>\n<p>Ndalohet shtetasi n\u00eb k\u00ebrkim D.M., 25 vje\u00e7, banues n\u00eb Vlor\u00eb.<\/p>\n<p>Ndalimi i tij u b\u00eb pasi ky shtetas ishte shpallur n\u00eb k\u00ebrkim p\u00ebr vepr\u00ebn penale &#8220;Kund\u00ebrshtimi i punonj\u00ebsit t\u00eb policis\u00eb&#8221;. Vep\u00ebr penale p\u00ebr t\u00eb cil\u00ebn Gjykata i ka caktuar mas\u00ebn &#8220;Arrest n\u00eb burg&#8221;.<\/p>\n<p>Arrestohet n\u00eb flagranc\u00eb shtetasi M.Y., 38 vje\u00e7, banues n\u00eb Vlor\u00eb.<\/p>\n<p>Policia ka b\u00ebr\u00eb arrestimin e tij pasi ky shtetas \u00ebsht\u00eb kapur n\u00eb flagranc\u00eb duke tentuar t\u00eb vjedh\u00eb banes\u00ebn e shtetases B.A n\u00eb lagjen &#8220;Bashkimi&#8221; t\u00eb Vlor\u00ebs.<\/p>\n<p>B.A dyshohet t\u00eb jet\u00eb autor\u00eb i 5 vjedhjeve t\u00eb tjera p\u00ebr t\u00eb cilat Policia po punon p\u00ebr dokumentimin e plot\u00eb t\u00eb tyre.<\/p>\n<p>Materialet iu referuan Prokuroris\u00eb n\u00eb ngarkim t\u00eb secilit p\u00ebr veprime t\u00eb m\u00ebtejshme.<\/p>\n","protected":false},"excerpt":{"rendered":"<p>Nga policia e Vlor\u00ebs jan\u00eb ndaluar gjat\u00eb or\u00ebve te fundit dy perosna. Nj\u00ebri ishte shpallur n\u00eb k\u00ebrkim \u00a0p\u00ebr kund\u00ebrshtrim t\u00eb punonj\u00ebsve t\u00eb policis\u00eb dhe tjetri \u00ebsht\u00eb i dyshuar p\u00ebr 5 vjedhje ndodhur n\u00eb k\u00ebt qytet. Ja njoftimi i plot\u00eb i policis\u00eb: Vlor\u00eb Policia ka arrestuar dy shtetas, nj\u00ebri prej tyre n\u00eb k\u00ebrkim: Ndalohet shtetasi n\u00eb [&hellip;]<\/p>\n","protected":false},"author":2013,"featured_media":114182,"comment_status":"open","ping_status":"closed","sticky":false,"template":"","format":"standard","meta":{"footnotes":""},"categories":[241,235],"tags":[],"class_list":{"0":"post-114178","1":"post","2":"type-post","3":"status-publish","4":"format-standard","5":"has-post-thumbnail","7":"category-aktualitet","8":"category-vendi"},"_links":{"self":[{"href":"https:\/\/zjarr.tv\/sq\/wp-json\/wp\/v2\/posts\/114178","targetHints":{"allow":["GET"]}}],"collection":[{"href":"https:\/\/zjarr.tv\/sq\/wp-json\/wp\/v2\/posts"}],"about":[{"href":"https:\/\/zjarr.tv\/sq\/wp-json\/wp\/v2\/types\/post"}],"author":[{"embeddable":true,"href":"https:\/\/zjarr.tv\/sq\/wp-json\/wp\/v2\/users\/2013"}],"replies":[{"embeddable":true,"href":"https:\/\/zjarr.tv\/sq\/wp-json\/wp\/v2\/comments?post=114178"}],"version-history":[{"count":0,"href":"https:\/\/zjarr.tv\/sq\/wp-json\/wp\/v2\/posts\/114178\/revisions"}],"wp:featuredmedia":[{"embeddable":true,"href":"https:\/\/zjarr.tv\/sq\/wp-json\/wp\/v2\/media\/114182"}],"wp:attachment":[{"href":"https:\/\/zjarr.tv\/sq\/wp-json\/wp\/v2\/media?parent=114178"}],"wp:term":[{"taxonomy":"category","embeddable":true,"href":"https:\/\/zjarr.tv\/sq\/wp-json\/wp\/v2\/categories?post=114178"},{"taxonomy":"post_tag","embeddable":true,"href":"https:\/\/zjarr.tv\/sq\/wp-json\/wp\/v2\/tags?post=114178"}],"curies":[{"name":"wp","href":"https:\/\/api.w.org\/{rel}","templated":true}]}}