{"id":114179,"date":"2019-11-17T14:23:14","date_gmt":"2019-11-17T13:23:14","guid":{"rendered":"https:\/\/zjarr.tv\/?p=114179"},"modified":"2019-11-17T14:23:14","modified_gmt":"2019-11-17T13:23:14","slug":"mbrojtja-e-prodhimit-vendas-basha-do-te-paguajne-ne-dogane-para-se-te-hyjne","status":"publish","type":"post","link":"https:\/\/zjarr.tv\/sq\/mbrojtja-e-prodhimit-vendas-basha-do-te-paguajne-ne-dogane-para-se-te-hyjne\/","title":{"rendered":"Mbrojtja e prodhimit vendas, Basha: Do t\u00eb paguajn\u00eb n\u00eb dogan\u00eb para se t\u00eb hyjn\u00eb!"},"content":{"rendered":"<p>Kryetari i opozit\u00ebs, Lulzim Basha, u ka shpjeguar fermer\u00ebve t\u00eb Lushnj\u00ebs dhe Divjak\u00ebs se si do t\u00eb veproj\u00eb qeveria e tij p\u00ebr t\u00eb mos lejuar produktet e huaja bujq\u00ebsore dhe blegtorale t\u00eb fundosin prodhimet\u00a0vendase. Basha e vuri theksin tek dogana.<\/p>\n<p><em>\u201cKontroll n\u00eb dogana, q\u00eb nj\u00eb prodhim q\u00eb vjen si prodhimi juaj, le t\u00eb themi q\u00eb \u00ebsht\u00eb me t\u00eb nj\u00ebjt\u00ebn cil\u00ebsi, jo m\u00eb pak, po me t\u00eb nj\u00ebjt\u00ebn cil\u00ebsi, por q\u00eb \u00ebsht\u00eb mb\u00ebshtetur me subvencione m\u00eb t\u00eb larta se ai q\u00eb merrni ju.\u00a0Le t\u00eb themi teorikisht q\u00eb ju merrni 100 lek\u00eb subvencion p\u00ebr domaten dhe ai tjetri q\u00eb vjen nga vendi X, merr 200 lek\u00eb, pra ai vjen dhe e sjell. K\u00ebshtu?<\/em><\/p>\n<p><em>Ai zot\u00ebria do t\u00eb paguaj\u00eb 100 lek\u00eb n\u00eb dogan\u00eb para se t\u00eb hyj\u00eb. Do t\u00eb vij\u00eb t\u00eb konkurroj\u00eb n\u00eb m\u00ebnyr\u00eb t\u00eb barabart\u00eb me prodhimin tuaj, nuk mund t\u00eb vij\u00eb ai me nj\u00eb \u00e7mim m\u00eb t\u00eb ul\u00ebt, me cil\u00ebsi t\u00eb nj\u00ebjt\u00eb nganj\u00ebher\u00eb edhe m\u00eb t\u00eb dyshimt\u00eb vet\u00ebm e vet\u00ebm se ka marr\u00eb subvencion nga shteti i tij n\u00eb nj\u00eb shum\u00eb m\u00eb t\u00eb madhe se \u00e7\u2019keni marr\u00eb ju.<\/em><\/p>\n<p><em>Nd\u00ebrsa sot ndodh e kund\u00ebrta: Ju e prodhoni m\u00eb mir\u00eb, e prodhoni m\u00eb lir\u00eb, por vjen ai importuesi q\u00eb ka marr\u00eb t\u00eb nj\u00ebjtin produkt nga nj\u00eb vend q\u00eb \u00ebsht\u00eb t\u00ebr\u00ebsisht i financuar dhe e shet m\u00eb lir\u00eb se ju, pra dogana shqiptare do t\u00eb filloj\u00eb t\u00eb punoj\u00eb p\u00ebr interesin e shqiptar\u00ebve dhe jo p\u00ebr t\u00eb mbushur xhepat e qeveritar\u00ebve&#8221;.<\/em><\/p>\n","protected":false},"excerpt":{"rendered":"<p>Kryetari i opozit\u00ebs, Lulzim Basha, u ka shpjeguar fermer\u00ebve t\u00eb Lushnj\u00ebs dhe Divjak\u00ebs se si do t\u00eb veproj\u00eb qeveria e tij p\u00ebr t\u00eb mos lejuar produktet e huaja bujq\u00ebsore dhe blegtorale t\u00eb fundosin prodhimet\u00a0vendase. Basha e vuri theksin tek dogana. \u201cKontroll n\u00eb dogana, q\u00eb nj\u00eb prodhim q\u00eb vjen si prodhimi juaj, le t\u00eb themi q\u00eb [&hellip;]<\/p>\n","protected":false},"author":2013,"featured_media":114171,"comment_status":"open","ping_status":"closed","sticky":false,"template":"","format":"standard","meta":{"footnotes":""},"categories":[241,235],"tags":[],"class_list":{"0":"post-114179","1":"post","2":"type-post","3":"status-publish","4":"format-standard","5":"has-post-thumbnail","7":"category-aktualitet","8":"category-vendi"},"_links":{"self":[{"href":"https:\/\/zjarr.tv\/sq\/wp-json\/wp\/v2\/posts\/114179","targetHints":{"allow":["GET"]}}],"collection":[{"href":"https:\/\/zjarr.tv\/sq\/wp-json\/wp\/v2\/posts"}],"about":[{"href":"https:\/\/zjarr.tv\/sq\/wp-json\/wp\/v2\/types\/post"}],"author":[{"embeddable":true,"href":"https:\/\/zjarr.tv\/sq\/wp-json\/wp\/v2\/users\/2013"}],"replies":[{"embeddable":true,"href":"https:\/\/zjarr.tv\/sq\/wp-json\/wp\/v2\/comments?post=114179"}],"version-history":[{"count":0,"href":"https:\/\/zjarr.tv\/sq\/wp-json\/wp\/v2\/posts\/114179\/revisions"}],"wp:featuredmedia":[{"embeddable":true,"href":"https:\/\/zjarr.tv\/sq\/wp-json\/wp\/v2\/media\/114171"}],"wp:attachment":[{"href":"https:\/\/zjarr.tv\/sq\/wp-json\/wp\/v2\/media?parent=114179"}],"wp:term":[{"taxonomy":"category","embeddable":true,"href":"https:\/\/zjarr.tv\/sq\/wp-json\/wp\/v2\/categories?post=114179"},{"taxonomy":"post_tag","embeddable":true,"href":"https:\/\/zjarr.tv\/sq\/wp-json\/wp\/v2\/tags?post=114179"}],"curies":[{"name":"wp","href":"https:\/\/api.w.org\/{rel}","templated":true}]}}