{"id":114186,"date":"2019-11-17T14:25:28","date_gmt":"2019-11-17T13:25:28","guid":{"rendered":"https:\/\/zjarr.tv\/?p=114186"},"modified":"2019-11-17T14:25:28","modified_gmt":"2019-11-17T13:25:28","slug":"takimi-fermeri-bashes-pas-vitit-te-mbrapshte-2013-u-detyrova-te-ikja-refugjat","status":"publish","type":"post","link":"https:\/\/zjarr.tv\/sq\/takimi-fermeri-bashes-pas-vitit-te-mbrapshte-2013-u-detyrova-te-ikja-refugjat\/","title":{"rendered":"Takimi\/ Fermeri, Bash\u00ebs: Pas vitit t\u00eb mbrapsht\u00eb 2013, u detyrova t\u00eb ikja refugjat"},"content":{"rendered":"<p>Kreu i Partis\u00eb Demokratike, Lulzim Basha dit\u00ebn e sotme \u00ebsht\u00eb ndalur n\u00eb Divjak\u00eb, n\u00eb nj\u00eb bashk\u00ebbisedim me banor\u00ebt, n\u00eb kuad\u00ebr t\u00eb turit \u201cRrug\u00ebtimi p\u00ebr Shqip\u00ebrin\u00eb\u201d.<\/p>\n<p>Basha tha se sot shteti \u00ebsht\u00eb kund\u00ebr shqiptar\u00ebve dhe \u00ebsht\u00eb kthyer n\u00eb nj\u00eb kal\u00e7eto korrupsioni.<\/p>\n<p>Hapi i par\u00eb sipas Bash\u00ebs \u00ebsht\u00eb mbeshtetja direkte p\u00ebr fermer\u00ebt.<\/p>\n<p>Nj\u00ebri nga f\u00ebrm\u00ebr\u00ebt i tha Bash\u00ebs se sot nuk jam fermer por jam refugjat sepse me kan\u00eb detyruar kushtet.<\/p>\n<p>Nga 2006 deri ne 2016 e kam punuar tok\u00ebn rregullisht, tha fermeri. Punonim si familje t\u00eb gjith\u00eb.<\/p>\n<p>Dhe pas 2014 u detyrova te ikja s\u00ebrish \u00a0jasht\u00eb.<\/p>\n<p>Ne do t\u00eb kthehemi sepse e duam tok\u00ebn ton\u00eb pasi t\u00eb ndyshojn\u00eb politikat p\u00ebr fermer\u00ebt.<\/p>\n<p>\u201cShqip\u00ebris\u00eb u duhet nj\u00eb qeveri q\u00eb t\u00eb jet\u00eb p\u00ebr shqiptar\u00ebt\u201d, tha Fermeri.<\/p>\n","protected":false},"excerpt":{"rendered":"<p>Kreu i Partis\u00eb Demokratike, Lulzim Basha dit\u00ebn e sotme \u00ebsht\u00eb ndalur n\u00eb Divjak\u00eb, n\u00eb nj\u00eb bashk\u00ebbisedim me banor\u00ebt, n\u00eb kuad\u00ebr t\u00eb turit \u201cRrug\u00ebtimi p\u00ebr Shqip\u00ebrin\u00eb\u201d. Basha tha se sot shteti \u00ebsht\u00eb kund\u00ebr shqiptar\u00ebve dhe \u00ebsht\u00eb kthyer n\u00eb nj\u00eb kal\u00e7eto korrupsioni. Hapi i par\u00eb sipas Bash\u00ebs \u00ebsht\u00eb mbeshtetja direkte p\u00ebr fermer\u00ebt. Nj\u00ebri nga f\u00ebrm\u00ebr\u00ebt i tha [&hellip;]<\/p>\n","protected":false},"author":2013,"featured_media":114188,"comment_status":"open","ping_status":"closed","sticky":false,"template":"","format":"standard","meta":{"footnotes":""},"categories":[241,235],"tags":[],"class_list":{"0":"post-114186","1":"post","2":"type-post","3":"status-publish","4":"format-standard","5":"has-post-thumbnail","7":"category-aktualitet","8":"category-vendi"},"_links":{"self":[{"href":"https:\/\/zjarr.tv\/sq\/wp-json\/wp\/v2\/posts\/114186","targetHints":{"allow":["GET"]}}],"collection":[{"href":"https:\/\/zjarr.tv\/sq\/wp-json\/wp\/v2\/posts"}],"about":[{"href":"https:\/\/zjarr.tv\/sq\/wp-json\/wp\/v2\/types\/post"}],"author":[{"embeddable":true,"href":"https:\/\/zjarr.tv\/sq\/wp-json\/wp\/v2\/users\/2013"}],"replies":[{"embeddable":true,"href":"https:\/\/zjarr.tv\/sq\/wp-json\/wp\/v2\/comments?post=114186"}],"version-history":[{"count":0,"href":"https:\/\/zjarr.tv\/sq\/wp-json\/wp\/v2\/posts\/114186\/revisions"}],"wp:featuredmedia":[{"embeddable":true,"href":"https:\/\/zjarr.tv\/sq\/wp-json\/wp\/v2\/media\/114188"}],"wp:attachment":[{"href":"https:\/\/zjarr.tv\/sq\/wp-json\/wp\/v2\/media?parent=114186"}],"wp:term":[{"taxonomy":"category","embeddable":true,"href":"https:\/\/zjarr.tv\/sq\/wp-json\/wp\/v2\/categories?post=114186"},{"taxonomy":"post_tag","embeddable":true,"href":"https:\/\/zjarr.tv\/sq\/wp-json\/wp\/v2\/tags?post=114186"}],"curies":[{"name":"wp","href":"https:\/\/api.w.org\/{rel}","templated":true}]}}