{"id":114190,"date":"2019-11-17T14:26:26","date_gmt":"2019-11-17T13:26:26","guid":{"rendered":"https:\/\/zjarr.tv\/?p=114190"},"modified":"2019-11-17T14:26:26","modified_gmt":"2019-11-17T13:26:26","slug":"basha-flet-me-krenari-per-julianin-nga-myzeqeja-kush-eshte-zuckerbergu-shqiptar","status":"publish","type":"post","link":"https:\/\/zjarr.tv\/sq\/basha-flet-me-krenari-per-julianin-nga-myzeqeja-kush-eshte-zuckerbergu-shqiptar\/","title":{"rendered":"Basha flet me krenari p\u00ebr Julianin nga Myzeqeja: kush \u00ebsht\u00eb \u2018Zuckerbergu shqiptar\u2019"},"content":{"rendered":"<p>Kryetari i opozit\u00ebs Lulim Basha ka evidentuar jo pa q\u00ebllim sot, emrin e nj\u00eb t\u00eb riu shqiptar q\u00eb mund t\u00eb konsiderohet si \u201cZuckerbergu shqiptar\u201d, emrin e Julian Shark\u00ebs, q\u00eb ka lindur n\u00eb zon\u00ebn e Myzeqes\u00eb.<\/p>\n<p>Jo pa q\u00ebllim Basha ia ka sjell\u00eb n\u00eb v\u00ebmendje at\u00eb em\u00ebr, fermer\u00ebve t\u00eb Lushnj\u00ebs dhe t\u00eb Divjak\u00ebs.<\/p>\n<p>\u201cJu e njihni Julian Shark\u00ebn, se e keni tuaj\u00ebn, &#8211; tha Basha, &#8211; por s\u2019e njohin ndoshta t\u00eb tjer\u00ebt. \u00cbsht\u00eb 27-28 vje\u00e7 tani dhe \u00ebsht\u00eb larguar si refugjat. Akoma pres ta takoj. Ndoshta i vjen keq q\u00eb po flas k\u00ebshtu, por kemi komunikuar p\u00ebrmes miqve. Ai \u00ebsht\u00eb larguar si refugjat n\u00eb Itali, ka m\u00ebsuar edhe italishten, edhe kompjuterin, duke punuar nat\u00ebn n\u00eb nj\u00eb kafene. Dhe pastaj ka shpikur nj\u00eb nga aplikacionet m\u00eb t\u00eb suksesshme &#8230;<\/p>\n<p>Fermeri: \u201cZuckerbergu shqiptar\u201d.<\/p>\n<p>Basha: Absolutisht, \u201cZuckerbergu shqiptar\u201d&#8230;.Ka shpikur nNj\u00eb nga aplikacionet m\u00eb t\u00eb suksesshme financiare q\u00eb sot kuotohet n\u00eb bursat e bot\u00ebs, t\u00eb Milanos, t\u00eb Amerik\u00ebs, q\u00eb p\u00ebrdoren nga Google, Microsoft, nga t\u00eb gjith\u00eb gjigand\u00ebt. \u00cbsht\u00eb biri juaj, njesoj si k\u00ebta djemt\u00eb q\u00eb keni k\u00ebtu . A e di pse e p\u00ebrmend k\u00ebt\u00eb? ia kam p\u00ebrmendur edhe miqve t\u00eb thuaj. P\u00ebr t\u00eb treguar se \u00e7far\u00eb race jemi ne shqiptar\u00ebt.\u201d<\/p>\n","protected":false},"excerpt":{"rendered":"<p>Kryetari i opozit\u00ebs Lulim Basha ka evidentuar jo pa q\u00ebllim sot, emrin e nj\u00eb t\u00eb riu shqiptar q\u00eb mund t\u00eb konsiderohet si \u201cZuckerbergu shqiptar\u201d, emrin e Julian Shark\u00ebs, q\u00eb ka lindur n\u00eb zon\u00ebn e Myzeqes\u00eb. Jo pa q\u00ebllim Basha ia ka sjell\u00eb n\u00eb v\u00ebmendje at\u00eb em\u00ebr, fermer\u00ebve t\u00eb Lushnj\u00ebs dhe t\u00eb Divjak\u00ebs. \u201cJu e njihni [&hellip;]<\/p>\n","protected":false},"author":2013,"featured_media":114191,"comment_status":"open","ping_status":"closed","sticky":false,"template":"","format":"standard","meta":{"footnotes":""},"categories":[241,235],"tags":[],"class_list":{"0":"post-114190","1":"post","2":"type-post","3":"status-publish","4":"format-standard","5":"has-post-thumbnail","7":"category-aktualitet","8":"category-vendi"},"_links":{"self":[{"href":"https:\/\/zjarr.tv\/sq\/wp-json\/wp\/v2\/posts\/114190","targetHints":{"allow":["GET"]}}],"collection":[{"href":"https:\/\/zjarr.tv\/sq\/wp-json\/wp\/v2\/posts"}],"about":[{"href":"https:\/\/zjarr.tv\/sq\/wp-json\/wp\/v2\/types\/post"}],"author":[{"embeddable":true,"href":"https:\/\/zjarr.tv\/sq\/wp-json\/wp\/v2\/users\/2013"}],"replies":[{"embeddable":true,"href":"https:\/\/zjarr.tv\/sq\/wp-json\/wp\/v2\/comments?post=114190"}],"version-history":[{"count":0,"href":"https:\/\/zjarr.tv\/sq\/wp-json\/wp\/v2\/posts\/114190\/revisions"}],"wp:featuredmedia":[{"embeddable":true,"href":"https:\/\/zjarr.tv\/sq\/wp-json\/wp\/v2\/media\/114191"}],"wp:attachment":[{"href":"https:\/\/zjarr.tv\/sq\/wp-json\/wp\/v2\/media?parent=114190"}],"wp:term":[{"taxonomy":"category","embeddable":true,"href":"https:\/\/zjarr.tv\/sq\/wp-json\/wp\/v2\/categories?post=114190"},{"taxonomy":"post_tag","embeddable":true,"href":"https:\/\/zjarr.tv\/sq\/wp-json\/wp\/v2\/tags?post=114190"}],"curies":[{"name":"wp","href":"https:\/\/api.w.org\/{rel}","templated":true}]}}