{"id":114195,"date":"2019-11-17T14:28:06","date_gmt":"2019-11-17T13:28:06","guid":{"rendered":"https:\/\/zjarr.tv\/?p=114195"},"modified":"2019-11-17T14:28:06","modified_gmt":"2019-11-17T13:28:06","slug":"pse-socialistet-po-shenjestrojne-vitore-tushen","status":"publish","type":"post","link":"https:\/\/zjarr.tv\/sq\/pse-socialistet-po-shenjestrojne-vitore-tushen\/","title":{"rendered":"Pse socialist\u00ebt po sh\u00ebnjestrojn\u00eb Vitore Tush\u00ebn"},"content":{"rendered":"<div class=\"readmore-text-here\">\n<p>Kur Gjykata Kushtetuese shpalli n\u00eb nj\u00eb njoftim se Marsida Xhaferllari \u00ebsht\u00eb an\u00ebtarja m\u00eb e re e saj, njoh\u00ebsit e vjet\u00ebr t\u00eb politik\u00ebs e dinin se shum\u00eb shpejt n\u00eb qend\u00ebr t\u00eb sulmeve t\u00eb socialist\u00ebve do vihej dikush tjet\u00ebr.<\/p>\n<p>U desh t\u00eb vinte e diela dhe nj\u00eb seri mesazhesh nga ish-ministri i Brendsh\u00ebm, Fatmir Xhafaj, sh\u00ebnjestruan Vitore Tush\u00ebn.<\/p>\n<p>Ajo q\u00eb ishte paralajm\u00ebruar, u b\u00eb realitet.<\/p>\n<div id=\"rekl-13\">\n<div id=\"__sap-ad-15\" class=\"__sap-ads __sap-html tracked\" data-title=\"Credins desktop 08\"><ins><\/p>\n<div id=\"beacon_6992ccacb3\"><img loading=\"lazy\" decoding=\"async\" src=\"https:\/\/ads1.medium.al\/www\/delivery\/lg.php?bannerid=401&amp;campaignid=56&amp;zoneid=232&amp;loc=https%3A%2F%2Fwww.syri.net%2Fpolitike%2F294989%2Fpse-socialistet-po-shenjestrojne-vitore-tushen%2F&amp;referer=https%3A%2F%2Fwww.syri.net%2Flajme%2F&amp;cb=6992ccacb3\" alt=\"\" width=\"0\" height=\"0\" \/><\/div>\n<p><\/ins><\/div>\n<\/div>\n<p>\u201cN\u00eb ueb e GjK znj.Tusha ka botuar list\u00ebn e an\u00ebtar\u00ebve t\u00eb rinj! Pyetja \u00ebsht\u00eb k\u00eb t\u00eb besojm\u00eb, znj.Tusha n\/kryetare t\u00eb KED q\u00eb ka shpallur znj.Vorpsi fituese apo znj.Tusha gjyqtare q\u00eb nuk respekton as vendimin e organit q\u00eb drejton. N\u00eb cilin kuorum t\u00eb GjK u bazua kjo vendimmarrje?\u201d shkruan Xhafaj.<\/p>\n<p>Por p\u00ebrse ky sulm? Q\u00eb t\u00eb kuptojm\u00eb situat\u00ebn, duhet t\u00eb kthehemi dy dit\u00eb pas, kur n\u00eb Gjykat\u00ebn Kushtetuese u paraqit\u00ebn Marsida Xhaferllari dhe Arta Vorpsi, t\u00eb dyja p\u00ebr t\u00eb nj\u00ebjtin post.<\/p>\n<p>An\u00ebtar\u00ebt e gjykat\u00ebs, Vitore Tusha, Besnik Mu\u00e7i, Elsa Toska dhe Fiona Papajorgji, t\u00eb betuar p\u00ebrpara presidentit, u mblodh\u00ebn p\u00ebr t\u00eb shqyrtuar rastin.<\/p>\n<p>Mu\u00e7i dhe Tusha u shpreh\u00ebn se nuk mund t\u00eb nis\u00eb detyr\u00ebn askush pa b\u00ebr\u00eb betimin. Kurse Toska dhe Papajorgji mb\u00ebshtet\u00ebn Vorpsin.<\/p>\n<p>Diferenc\u00ebn n\u00eb k\u00ebt\u00eb barazim votash e b\u00ebri Tusha, e cila po ushtron edhe kompetencat e kryetares s\u00eb gjykat\u00ebs.<\/p>\n<p>N\u00eb nj\u00eb njoftim t\u00eb GJK, u b\u00eb e ditur se n\u00eb list\u00ebn e emrave q\u00eb plot\u00ebsojn\u00eb kushtet p\u00ebr t\u00eb qen\u00eb an\u00ebtar\u00eb t\u00eb K\u00ebshillit t\u00eb Em\u00ebrimeve n\u00eb Drejt\u00ebsi \u00ebsht\u00eb edhe gjykat\u00ebsja Marsida Xhaferllari.<\/p>\n<p>A do vazhdojn\u00eb sulmet ndaj kryetares s\u00eb Gjykat\u00ebs Kushtetuese nga nj\u00eb parti politike q\u00eb duhet t\u00eb jet\u00eb e paanshme n\u00eb proces? Mbetet t\u00eb shihet.<\/p>\n<\/div>\n<div id=\"rekl-33\"><\/div>\n","protected":false},"excerpt":{"rendered":"<p>Kur Gjykata Kushtetuese shpalli n\u00eb nj\u00eb njoftim se Marsida Xhaferllari \u00ebsht\u00eb an\u00ebtarja m\u00eb e re e saj, njoh\u00ebsit e vjet\u00ebr t\u00eb politik\u00ebs e dinin se shum\u00eb shpejt n\u00eb qend\u00ebr t\u00eb sulmeve t\u00eb socialist\u00ebve do vihej dikush tjet\u00ebr. U desh t\u00eb vinte e diela dhe nj\u00eb seri mesazhesh nga ish-ministri i Brendsh\u00ebm, Fatmir Xhafaj, sh\u00ebnjestruan Vitore [&hellip;]<\/p>\n","protected":false},"author":2013,"featured_media":48635,"comment_status":"open","ping_status":"closed","sticky":false,"template":"","format":"standard","meta":{"footnotes":""},"categories":[241,235],"tags":[],"class_list":{"0":"post-114195","1":"post","2":"type-post","3":"status-publish","4":"format-standard","5":"has-post-thumbnail","7":"category-aktualitet","8":"category-vendi"},"_links":{"self":[{"href":"https:\/\/zjarr.tv\/sq\/wp-json\/wp\/v2\/posts\/114195","targetHints":{"allow":["GET"]}}],"collection":[{"href":"https:\/\/zjarr.tv\/sq\/wp-json\/wp\/v2\/posts"}],"about":[{"href":"https:\/\/zjarr.tv\/sq\/wp-json\/wp\/v2\/types\/post"}],"author":[{"embeddable":true,"href":"https:\/\/zjarr.tv\/sq\/wp-json\/wp\/v2\/users\/2013"}],"replies":[{"embeddable":true,"href":"https:\/\/zjarr.tv\/sq\/wp-json\/wp\/v2\/comments?post=114195"}],"version-history":[{"count":0,"href":"https:\/\/zjarr.tv\/sq\/wp-json\/wp\/v2\/posts\/114195\/revisions"}],"wp:featuredmedia":[{"embeddable":true,"href":"https:\/\/zjarr.tv\/sq\/wp-json\/wp\/v2\/media\/48635"}],"wp:attachment":[{"href":"https:\/\/zjarr.tv\/sq\/wp-json\/wp\/v2\/media?parent=114195"}],"wp:term":[{"taxonomy":"category","embeddable":true,"href":"https:\/\/zjarr.tv\/sq\/wp-json\/wp\/v2\/categories?post=114195"},{"taxonomy":"post_tag","embeddable":true,"href":"https:\/\/zjarr.tv\/sq\/wp-json\/wp\/v2\/tags?post=114195"}],"curies":[{"name":"wp","href":"https:\/\/api.w.org\/{rel}","templated":true}]}}