{"id":114201,"date":"2019-11-17T14:30:13","date_gmt":"2019-11-17T13:30:13","guid":{"rendered":"https:\/\/zjarr.tv\/?p=114201"},"modified":"2019-11-17T14:30:13","modified_gmt":"2019-11-17T13:30:13","slug":"linda-rama-kapet-mat-blen-ne-panair-librin-e-kritikut-te-kryeministrit","status":"publish","type":"post","link":"https:\/\/zjarr.tv\/sq\/linda-rama-kapet-mat-blen-ne-panair-librin-e-kritikut-te-kryeministrit\/","title":{"rendered":"Linda Rama \u201ckapet\u201d mat, blen n\u00eb panair librin e kritikut t\u00eb kryeministrit"},"content":{"rendered":"<p>Andi Bejtja konsiderohet si nd\u00ebr kritik\u00ebt e kryeministrit Edi Rama. Por d\u00ebshira p\u00ebr librin nuk e ka penguar bashk\u00ebshorten e kreut t\u00eb qeveris\u00eb, Linda Ram\u00ebs q\u00eb t\u00eb blej\u00eb lirin e Bejtjas n\u00eb panair.<\/p>\n<div id=\"sovrn\" class=\"desktop_ad ad_bottom_space\"><ins><\/ins><\/p>\n<div id=\"onetag-wrapper-3\" class=\"sovrn-onetag-ad\"><\/div>\n<\/div>\n<div class=\"galery-slider\">\n<ul class=\"slides\">\n<li class=\"flex-slider-item\" data-thumb-alt=\"\"><a href=\"https:\/\/balkanweb.com\/wp-content\/uploads\/2019\/11\/thumbnail_Linda-Rama-2.jpg\" rel=\"lightbox\"><img decoding=\"async\" draggable=\"false\" src=\"https:\/\/balkanweb.com\/wp-content\/uploads\/2019\/11\/thumbnail_Linda-Rama-2.jpg\" alt=\"foto galeri \" \/><\/a><\/li>\n<li class=\"flex-slider-item\" data-thumb-alt=\"\"><a href=\"https:\/\/balkanweb.com\/wp-content\/uploads\/2019\/11\/thumbnail_Linda-Rama-3.jpg\" rel=\"lightbox\"><img decoding=\"async\" draggable=\"false\" src=\"https:\/\/balkanweb.com\/wp-content\/uploads\/2019\/11\/thumbnail_Linda-Rama-3.jpg\" alt=\"foto galeri \" \/><\/a><\/li>\n<li class=\"flex-slider-item flex-active-slide\" data-thumb-alt=\"\"><a href=\"https:\/\/balkanweb.com\/wp-content\/uploads\/2019\/11\/thumbnail_Linda-Rama-1.jpg\" rel=\"lightbox\"><img decoding=\"async\" draggable=\"false\" src=\"https:\/\/balkanweb.com\/wp-content\/uploads\/2019\/11\/thumbnail_Linda-Rama-1.jpg\" alt=\"foto galeri \" \/><\/a><\/li>\n<\/ul>\n<\/div>\n<p>Ajo \u00ebsht\u00eb fotografuar n\u00eb shoq\u00ebrin\u00eb e s\u00eb bij\u00ebs, Rea, teksa ishte ndalur n\u00eb stend\u00ebn ku ekspozonte librin me poezi gazetari.<\/p>\n<p>Fotot e siguruara nga tiranapost.al, tregojn\u00eb momentin kur Linda e buz\u00ebqeshur e blen librin dhe takon Bejten. Nd\u00ebrkoh\u00eb n\u00eb sfondin e fotos shihet se n\u00eb stend\u00eb ka ndaluar edhe ish-guvernatori i BSH-s\u00eb Ardian Fullani.<\/p>\n","protected":false},"excerpt":{"rendered":"<p>Andi Bejtja konsiderohet si nd\u00ebr kritik\u00ebt e kryeministrit Edi Rama. Por d\u00ebshira p\u00ebr librin nuk e ka penguar bashk\u00ebshorten e kreut t\u00eb qeveris\u00eb, Linda Ram\u00ebs q\u00eb t\u00eb blej\u00eb lirin e Bejtjas n\u00eb panair. Ajo \u00ebsht\u00eb fotografuar n\u00eb shoq\u00ebrin\u00eb e s\u00eb bij\u00ebs, Rea, teksa ishte ndalur n\u00eb stend\u00ebn ku ekspozonte librin me poezi gazetari. Fotot e [&hellip;]<\/p>\n","protected":false},"author":2013,"featured_media":114204,"comment_status":"open","ping_status":"closed","sticky":false,"template":"","format":"standard","meta":{"footnotes":""},"categories":[241,235],"tags":[],"class_list":{"0":"post-114201","1":"post","2":"type-post","3":"status-publish","4":"format-standard","5":"has-post-thumbnail","7":"category-aktualitet","8":"category-vendi"},"_links":{"self":[{"href":"https:\/\/zjarr.tv\/sq\/wp-json\/wp\/v2\/posts\/114201","targetHints":{"allow":["GET"]}}],"collection":[{"href":"https:\/\/zjarr.tv\/sq\/wp-json\/wp\/v2\/posts"}],"about":[{"href":"https:\/\/zjarr.tv\/sq\/wp-json\/wp\/v2\/types\/post"}],"author":[{"embeddable":true,"href":"https:\/\/zjarr.tv\/sq\/wp-json\/wp\/v2\/users\/2013"}],"replies":[{"embeddable":true,"href":"https:\/\/zjarr.tv\/sq\/wp-json\/wp\/v2\/comments?post=114201"}],"version-history":[{"count":0,"href":"https:\/\/zjarr.tv\/sq\/wp-json\/wp\/v2\/posts\/114201\/revisions"}],"wp:featuredmedia":[{"embeddable":true,"href":"https:\/\/zjarr.tv\/sq\/wp-json\/wp\/v2\/media\/114204"}],"wp:attachment":[{"href":"https:\/\/zjarr.tv\/sq\/wp-json\/wp\/v2\/media?parent=114201"}],"wp:term":[{"taxonomy":"category","embeddable":true,"href":"https:\/\/zjarr.tv\/sq\/wp-json\/wp\/v2\/categories?post=114201"},{"taxonomy":"post_tag","embeddable":true,"href":"https:\/\/zjarr.tv\/sq\/wp-json\/wp\/v2\/tags?post=114201"}],"curies":[{"name":"wp","href":"https:\/\/api.w.org\/{rel}","templated":true}]}}