{"id":114354,"date":"2019-11-18T13:43:40","date_gmt":"2019-11-18T12:43:40","guid":{"rendered":"https:\/\/zjarr.tv\/?p=114354"},"modified":"2019-11-18T13:43:40","modified_gmt":"2019-11-18T12:43:40","slug":"vaksina-falas-bardh-spahia-rames-turp-e-faqe-e-zeze-shendetesia-ne-gjendje-katastrofike","status":"publish","type":"post","link":"https:\/\/zjarr.tv\/sq\/vaksina-falas-bardh-spahia-rames-turp-e-faqe-e-zeze-shendetesia-ne-gjendje-katastrofike\/","title":{"rendered":"\u201cVaksina falas\u201d, Bardh Spahia-Ram\u00ebs: Turp e faqe e zez\u00eb! Sh\u00ebndet\u00ebsia n\u00eb gjendje katastrofike!"},"content":{"rendered":"<p>Ish-deputeti demokrat, Bardh Spahia, shkruan n\u00eb nj\u00eb postim n\u00eb \u201cFacebook\u201d se sh\u00ebndet\u00ebsia ndodhet n\u00eb gjendje katastrofike.<\/p>\n<p>Duke iu drejtuar Edi Ram\u00ebs, ish-deputeti thekson se ai po b\u00ebn gati 7 vjet n\u00eb karrigen e kryeministrit dhe akoma shet mend me arritjet q\u00eb ka gjetur.<\/p>\n<p>Ky reagim i fort\u00eb i Spahis\u00eb vjen pas thirrjes q\u00eb kryeministri Rama iu b\u00ebnte m\u00ebngjesin e sot\u00ebm qytetar\u00ebve p\u00ebr t\u2019u vaksinuar, teksa shkruante se t\u00eb moshuarit, f\u00ebmij\u00ebt dhe t\u00eb s\u00ebmur\u00ebt kronik\u00eb e kan\u00eb falas.<\/p>\n<p>\u201cMASHTRIM I ZAKONSHEM APO RRJEDHJE? Rama sot gjeti te \u201ckrenohet\u201d me 1 tjeter gjoja arritje te shendetsise falas; me vaksinen falas per gripin stinor. I bej me dije zotit Rama qe vaksinimi per shtresat ne risk ka qene gjithmone falas. Dielli nuk mbulohet me shoshe zoti Rama!<\/p>\n<p>Dhe gjendjen katastrofike ku ndodhet shendetsia sot nuk mund ta shpetoje 1 vaksine falas. Po ben 7 vjet ne ate karrige dhe akoma shet mend me arritjet qe ka gjetur! \u201cSuksesi\u201d i vetem jane PPP te qe po ia le ne kurriz si borxh brezave pasardhes! Turp e faqe e zeze!\u201d, shkruan Spahia.<\/p>\n<p>&nbsp;<\/p>\n","protected":false},"excerpt":{"rendered":"<p>Ish-deputeti demokrat, Bardh Spahia, shkruan n\u00eb nj\u00eb postim n\u00eb \u201cFacebook\u201d se sh\u00ebndet\u00ebsia ndodhet n\u00eb gjendje katastrofike. Duke iu drejtuar Edi Ram\u00ebs, ish-deputeti thekson se ai po b\u00ebn gati 7 vjet n\u00eb karrigen e kryeministrit dhe akoma shet mend me arritjet q\u00eb ka gjetur. Ky reagim i fort\u00eb i Spahis\u00eb vjen pas thirrjes q\u00eb kryeministri Rama [&hellip;]<\/p>\n","protected":false},"author":2013,"featured_media":102539,"comment_status":"open","ping_status":"closed","sticky":false,"template":"","format":"standard","meta":{"footnotes":""},"categories":[241,235],"tags":[],"class_list":{"0":"post-114354","1":"post","2":"type-post","3":"status-publish","4":"format-standard","5":"has-post-thumbnail","7":"category-aktualitet","8":"category-vendi"},"_links":{"self":[{"href":"https:\/\/zjarr.tv\/sq\/wp-json\/wp\/v2\/posts\/114354","targetHints":{"allow":["GET"]}}],"collection":[{"href":"https:\/\/zjarr.tv\/sq\/wp-json\/wp\/v2\/posts"}],"about":[{"href":"https:\/\/zjarr.tv\/sq\/wp-json\/wp\/v2\/types\/post"}],"author":[{"embeddable":true,"href":"https:\/\/zjarr.tv\/sq\/wp-json\/wp\/v2\/users\/2013"}],"replies":[{"embeddable":true,"href":"https:\/\/zjarr.tv\/sq\/wp-json\/wp\/v2\/comments?post=114354"}],"version-history":[{"count":0,"href":"https:\/\/zjarr.tv\/sq\/wp-json\/wp\/v2\/posts\/114354\/revisions"}],"wp:featuredmedia":[{"embeddable":true,"href":"https:\/\/zjarr.tv\/sq\/wp-json\/wp\/v2\/media\/102539"}],"wp:attachment":[{"href":"https:\/\/zjarr.tv\/sq\/wp-json\/wp\/v2\/media?parent=114354"}],"wp:term":[{"taxonomy":"category","embeddable":true,"href":"https:\/\/zjarr.tv\/sq\/wp-json\/wp\/v2\/categories?post=114354"},{"taxonomy":"post_tag","embeddable":true,"href":"https:\/\/zjarr.tv\/sq\/wp-json\/wp\/v2\/tags?post=114354"}],"curies":[{"name":"wp","href":"https:\/\/api.w.org\/{rel}","templated":true}]}}