{"id":114367,"date":"2019-11-18T17:41:34","date_gmt":"2019-11-18T16:41:34","guid":{"rendered":"https:\/\/zjarr.tv\/?p=114367"},"modified":"2019-11-18T13:42:01","modified_gmt":"2019-11-18T12:42:01","slug":"sot-skadon-afati-i-prokurorise-se-tiranes-per-te-derguar-dosjen-e-lulzim-bashes-ne-gjykate-pak-dite-me-pare-prokuroret-e-dosjes-i-kane-derguar-nje-relacion-drejtueses-se-prokurorise-se-tiranes-elisa","status":"publish","type":"post","link":"https:\/\/zjarr.tv\/sq\/sot-skadon-afati-i-prokurorise-se-tiranes-per-te-derguar-dosjen-e-lulzim-bashes-ne-gjykate-pak-dite-me-pare-prokuroret-e-dosjes-i-kane-derguar-nje-relacion-drejtueses-se-prokurorise-se-tiranes-elisa\/","title":{"rendered":"Sot skadon afati i Prokuroris\u00eb s\u00eb Tiran\u00ebs p\u00ebr t\u00eb d\u00ebrguar dosjen e Lulzim Bash\u00ebs n\u00eb gjykat\u00eb. Pak dit\u00eb m\u00eb par\u00eb prokuror\u00ebt e dosjes i kan\u00eb d\u00ebrguar nj\u00eb relacion drejtueses s\u00eb Prokuroris\u00eb s\u00eb Tiran\u00ebs, Elisabeta Imeraj, p\u00ebr mbylljen e hetimeve.  Afati p\u00ebrfundimtar \u00ebsht\u00eb ora 16:00 e dit\u00ebs s\u00eb sotme. Me ligjin e ri, kompetent \u00ebsht\u00eb prokurori i \u00e7\u00ebshtjes. Me pas gjyqtari paraprak vendos p\u00ebr d\u00ebrgimin e dosjes n\u00eb gjyq apo p\u00ebr rikthim prokuroris\u00eb.  Kreun i opozit\u00ebs Lulzim Basha, ish sekretari i p\u00ebrgjithsh\u00ebm Arben Ristani dhe financieri i Partis\u00eb Ilir Dervishi akuzohen p\u00ebr falsifikim t\u00eb vulave dhe stampave, nd\u00ebrsa \u00ebsht\u00eb pushur hetimi p\u00ebr pastrim t\u00eb produkteve t\u00eb vepr\u00ebs penale.  Objekti i akuz\u00ebs, sipas prokuroris\u00eb b\u00ebn fjal\u00eb p\u00ebr transferimin e pages\u00ebs prej 650 mij\u00eb dollar\u00eb nga Partia Demokratike me q\u00ebllim lobimin n\u00eb SHBA.   Sa rrezikon Basha?  Referuar nenit 190 t\u00eb kodit penal n\u00eb vepr\u00ebn penale t\u00eb parashikuar n\u00eb paragrafin e tret\u00eb mbi baz\u00ebn e t\u00eb cilit akuzohen tre t\u00eb pandehurit, kjo vep\u00ebr penale d\u00ebnohet me burgim nga gjasht\u00eb muaj deri n\u00eb pes\u00eb vjet.  Hetimi p\u00ebr k\u00ebt\u00eb \u00e7\u00ebshtje ka nisur dy vite m\u00eb par\u00eb nd\u00ebrsa gjat\u00eb faz\u00ebs s\u00eb mbledhjes s\u00eb provave Lulzim Basha, Arben Ristani dhe ish-financieri i PD jan\u00eb paraqitur dy her\u00eb n\u00eb prokurori p\u00ebr t\u00eb dh\u00ebn\u00eb shpjegime. Ata kan\u00eb hedhur posht\u00eb akuzat duke pretenduar se hetimi \u00ebsht\u00eb i motivuar politikisht.  Nd\u00ebrkoh\u00eb m\u00ebsohet se r\u00ebnia e akuz\u00ebs p\u00ebr pastrimin e parave ka lidhje me nj\u00eb marr\u00ebveshje q\u00eb \u00ebsht\u00eb b\u00ebr\u00eb mes prokuroris\u00eb shqiptare dhe kanadezit Nick Muzin do t\u00eb paguhej me 675 mij\u00eb \u20ac p\u00ebr angazhimin e tij n\u00eb favor t\u00eb PD-s\u00eb."},"content":{"rendered":"<p>Kat\u00ebr persona kan\u00eb r\u00ebn\u00eb n\u00eb prangat e policis\u00eb pasi u kap\u00ebn duke transportuar disa shtetas t\u00eb huaj n\u00eb rrug\u00ebn Trestenik-Vishotic\u00eb.<\/p>\n<p>Ata po i transportonin klandestin\u00ebt me mjetet tip &#8220;Volkswagen Touareg&#8221; dhe &#8220;Mercedes-Benz&#8221; dhe iu kishin premtuar kalimin drejt vendeve t\u00eb BE-s\u00eb, kundrejt fitimit prej 200 euro secilit.<\/p>\n<p><strong>T\u00eb arrestuarit jan\u00eb:<\/strong><\/p>\n<p><em>\u2022 \u00a0O.Z., 30 vje\u00e7, banues n\u00eb Tiran\u00eb.<\/em><\/p>\n<p><em>\u2022 \u00a0F.S., 39 vje\u00e7, banues n\u00eb Tiran\u00eb.<\/em><\/p>\n<p><em>\u2022 \u00a0I.T., 47 vje\u00e7, banues n\u00eb Kor\u00e7\u00eb (i d\u00ebnuar m\u00eb par\u00eb p\u00ebr vepra penale n\u00eb fush\u00ebn e krimeve kund\u00ebr personit dhe organizimit t\u00eb lotarive t\u00eb palejuara).<\/em><\/p>\n<p><em>\u2022 \u00a0E.R., 49 vje\u00e7, banues n\u00eb Kor\u00e7\u00eb.<\/em><\/p>\n<p>Operacioni &#8220;Vishotica&#8221; u realizua nga Policia Kufitare n\u00eb bashk\u00ebpunim me forcat e misionit Frontex dhe Drejtorin\u00eb Vendore t\u00eb Policis\u00eb Kor\u00e7\u00eb<\/p>\n<p>Nd\u00ebrkoh\u00eb uniformat blu po punojn\u00eb p\u00ebr t\u00eb vendosur p\u00ebrpara p\u00ebrgjegj\u00ebsis\u00eb ligjore edhe persona t\u00eb tjer\u00eb, t\u00eb dyshuar si t\u00eb implikuar n\u00eb k\u00ebt\u00eb ngjarje.<\/p>\n<p>Materialet i kaluan Prokuroris\u00eb pran\u00eb Gjykat\u00ebs s\u00eb Shkall\u00ebs s\u00eb Par\u00eb Kor\u00e7\u00eb p\u00ebr vepr\u00ebn penale &#8220;Ndihma p\u00ebr kalim t\u00eb paligjsh\u00ebm t\u00eb kufijve, kryer n\u00eb bashk\u00ebpunim&#8221;.<\/p>\n<p>\/Foto arkive<\/p>\n","protected":false},"excerpt":{"rendered":"<p>Kat\u00ebr persona kan\u00eb r\u00ebn\u00eb n\u00eb prangat e policis\u00eb pasi u kap\u00ebn duke transportuar disa shtetas t\u00eb huaj n\u00eb rrug\u00ebn Trestenik-Vishotic\u00eb. Ata po i transportonin klandestin\u00ebt me mjetet tip &#8220;Volkswagen Touareg&#8221; dhe &#8220;Mercedes-Benz&#8221; dhe iu kishin premtuar kalimin drejt vendeve t\u00eb BE-s\u00eb, kundrejt fitimit prej 200 euro secilit. T\u00eb arrestuarit jan\u00eb: \u2022 \u00a0O.Z., 30 vje\u00e7, banues [&hellip;]<\/p>\n","protected":false},"author":2013,"featured_media":114368,"comment_status":"open","ping_status":"closed","sticky":false,"template":"","format":"standard","meta":{"footnotes":""},"categories":[241,235],"tags":[],"class_list":{"0":"post-114367","1":"post","2":"type-post","3":"status-publish","4":"format-standard","5":"has-post-thumbnail","7":"category-aktualitet","8":"category-vendi"},"_links":{"self":[{"href":"https:\/\/zjarr.tv\/sq\/wp-json\/wp\/v2\/posts\/114367","targetHints":{"allow":["GET"]}}],"collection":[{"href":"https:\/\/zjarr.tv\/sq\/wp-json\/wp\/v2\/posts"}],"about":[{"href":"https:\/\/zjarr.tv\/sq\/wp-json\/wp\/v2\/types\/post"}],"author":[{"embeddable":true,"href":"https:\/\/zjarr.tv\/sq\/wp-json\/wp\/v2\/users\/2013"}],"replies":[{"embeddable":true,"href":"https:\/\/zjarr.tv\/sq\/wp-json\/wp\/v2\/comments?post=114367"}],"version-history":[{"count":0,"href":"https:\/\/zjarr.tv\/sq\/wp-json\/wp\/v2\/posts\/114367\/revisions"}],"wp:featuredmedia":[{"embeddable":true,"href":"https:\/\/zjarr.tv\/sq\/wp-json\/wp\/v2\/media\/114368"}],"wp:attachment":[{"href":"https:\/\/zjarr.tv\/sq\/wp-json\/wp\/v2\/media?parent=114367"}],"wp:term":[{"taxonomy":"category","embeddable":true,"href":"https:\/\/zjarr.tv\/sq\/wp-json\/wp\/v2\/categories?post=114367"},{"taxonomy":"post_tag","embeddable":true,"href":"https:\/\/zjarr.tv\/sq\/wp-json\/wp\/v2\/tags?post=114367"}],"curies":[{"name":"wp","href":"https:\/\/api.w.org\/{rel}","templated":true}]}}