{"id":114373,"date":"2019-11-18T14:09:50","date_gmt":"2019-11-18T13:09:50","guid":{"rendered":"https:\/\/zjarr.tv\/?p=114373"},"modified":"2019-11-18T14:09:50","modified_gmt":"2019-11-18T13:09:50","slug":"propozimet-ndrydhin-lirine-dhe-zhvillimin-e-medias-online-tre-anetare-te-ama-kunder-projektligjit-te-qeverise","status":"publish","type":"post","link":"https:\/\/zjarr.tv\/sq\/propozimet-ndrydhin-lirine-dhe-zhvillimin-e-medias-online-tre-anetare-te-ama-kunder-projektligjit-te-qeverise\/","title":{"rendered":"\u201cPropozimet ndrydhin lirin\u00eb dhe zhvillimin e medias online\u201d, tre an\u00ebtar\u00eb t\u00eb AMA kund\u00ebr projektligjit t\u00eb qeveris\u00eb"},"content":{"rendered":"<p>Tre an\u00ebtar\u00ebt e k\u00ebshillit t\u00eb AMA, Sami Nezaj, Suela Musta dhe Agron Gjekmarkaj than\u00eb sot se ishin kund\u00ebr kalimit n\u00eb Parlament t\u00eb projekt ligjit \u201cP\u00ebr sh\u00ebrbimet e medias n\u00eb Republik\u00ebn e Shqip\u00ebris\u00eb\u201d. N\u00eb nj\u00eb deklarat\u00eb p\u00ebr mediat, ata theksojn\u00eb se Propozimet e qeveris\u00eb ndrydhin lirin\u00eb dhe zhvillimin e medias informative online.<\/p>\n<p>\u201cPropozimet e qeveris\u00eb anashkalojn\u00eb nj\u00eb nga parimet m\u00eb t\u00eb r\u00ebnd\u00ebsishme t\u00eb medias s\u00eb shkruar at\u00eb t\u00eb vetrregullimit nd\u00ebrkoh\u00eb q\u00eb aktet nd\u00ebrkomb\u00ebtare dhe ve\u00e7mas direktiva e BE p\u00ebr mediat audiovizive inkurajon edhe vet\u00eb rregullator\u00ebt ti japin p\u00ebrpar\u00ebsi k\u00ebtij parimi.<\/p>\n<p>Fatkeq\u00ebsisht ndryshimet n\u00eb ligj nuk jan\u00eb mb\u00ebshtetur mbi k\u00ebto praktika t\u00eb vendeve t\u00eb lira dhe demokratike duke i dh\u00ebn\u00eb AMA, nj\u00eb institucioni t\u00eb pavarur parlamentar nd\u00ebr t\u00eb tjera edhe kompetenca p\u00ebr vler\u00ebsimin e p\u00ebrmbajtjes editoriale t\u00eb mediave.\u201d thuhet n\u00eb deklarat\u00eb.<\/p>\n<p><strong>Deklarata e plot\u00eb:<\/strong><\/p>\n<p>K\u00ebshilli i AMA shqyrtoi sot projekligjin e p\u00ebrgaditur nga qeveria dhe sipas procedur\u00ebs u votua n\u00eb bord n\u00eb lidhje me k\u00ebrkes\u00ebn e Parlamentit p\u00ebr dh\u00ebnie mendimi. Me tre vota kund\u00ebr projektligjit nga pes\u00eb an\u00ebtar\u00eb, AMA jep p\u00ebrgjigje negative n\u00eb lidhje me ndryshimet q\u00eb jan\u00eb b\u00ebr\u00eb ligjit \u201cP\u00ebr mediat Audiovizive n\u00eb Republik\u00ebne\u00a0 Shqip\u00ebris\u00eb\u201d, q\u00eb synojn\u00eb rrregullimin p\u00ebrmes institucioneve publike t\u00eb medias s\u00eb shkruar online.<\/p>\n<div id=\"pa_1x1_psbk_1574082570770\"><\/div>\n<p>Projektligji ngarkon AMA dhe K\u00ebshillin e Ankesave n\u00eb k\u00ebt\u00eb institucion p\u00ebr implementimin e ndryshimeve t\u00eb pritshme n\u00ebse projekligji miratohet n\u00eb Parlament.<\/p>\n<p>Tre an\u00ebtar\u00ebt e AMA-s, paraqit\u00ebn argumente q\u00eb lidheshin me nevoj\u00ebn p\u00ebr forcimin e liris\u00eb s\u00eb mediave online, liris\u00eb s\u00eb mendimit dhe t\u00eb drejt\u00ebs p\u00ebr informim p\u00ebrmes rritjes s\u00eb profesionalizmit, mb\u00ebshtetjes s\u00eb mediave t\u00eb reja, vet\u00ebrregullimit t\u00eb tyre, rritjes s\u00eb edukimit p\u00ebr median, gj\u00eb q\u00eb ndryshimet e parashikuara n\u00eb ligj nuk e\u00a0 realizojn\u00eb.<\/p>\n<p>Propozimet e qeveris\u00eb ndrydhin lirin\u00eb dhe zhvillimin e medias informative online.<\/p>\n<p>Propozimet e qeveris\u00eb anashkalojn\u00eb nj\u00eb nga parimet m\u00eb t\u00eb r\u00ebnd\u00ebsishme t\u00eb medias s\u00eb shkruar at\u00eb t\u00eb vetrregullimit nd\u00ebrkoh\u00eb q\u00eb aktet nd\u00ebrkomb\u00ebtare dhe ve\u00e7mas direktiva e BE p\u00ebr mediat audiovizive inkurajon edhe vet\u00eb rregullator\u00ebt ti japin p\u00ebrpar\u00ebsi k\u00ebtij parimi.<\/p>\n<p>Fatkeq\u00ebsisht ndryshimet n\u00eb ligj nuk jan\u00eb mb\u00ebshtetur mbi k\u00ebto praktika t\u00eb vendeve t\u00eb lira dhe demokratike duke i dh\u00ebn\u00eb AMA, nj\u00eb institucioni t\u00eb pavarur parlamentar nd\u00ebr t\u00eb tjera edhe kompetenca p\u00ebr vler\u00ebsimin e p\u00ebrmbajtjes editoriale t\u00eb mediave.<\/p>\n","protected":false},"excerpt":{"rendered":"<p>Tre an\u00ebtar\u00ebt e k\u00ebshillit t\u00eb AMA, Sami Nezaj, Suela Musta dhe Agron Gjekmarkaj than\u00eb sot se ishin kund\u00ebr kalimit n\u00eb Parlament t\u00eb projekt ligjit \u201cP\u00ebr sh\u00ebrbimet e medias n\u00eb Republik\u00ebn e Shqip\u00ebris\u00eb\u201d. N\u00eb nj\u00eb deklarat\u00eb p\u00ebr mediat, ata theksojn\u00eb se Propozimet e qeveris\u00eb ndrydhin lirin\u00eb dhe zhvillimin e medias informative online. \u201cPropozimet e qeveris\u00eb anashkalojn\u00eb [&hellip;]<\/p>\n","protected":false},"author":2013,"featured_media":114420,"comment_status":"open","ping_status":"closed","sticky":false,"template":"","format":"standard","meta":{"footnotes":""},"categories":[241,235],"tags":[],"class_list":{"0":"post-114373","1":"post","2":"type-post","3":"status-publish","4":"format-standard","5":"has-post-thumbnail","7":"category-aktualitet","8":"category-vendi"},"_links":{"self":[{"href":"https:\/\/zjarr.tv\/sq\/wp-json\/wp\/v2\/posts\/114373","targetHints":{"allow":["GET"]}}],"collection":[{"href":"https:\/\/zjarr.tv\/sq\/wp-json\/wp\/v2\/posts"}],"about":[{"href":"https:\/\/zjarr.tv\/sq\/wp-json\/wp\/v2\/types\/post"}],"author":[{"embeddable":true,"href":"https:\/\/zjarr.tv\/sq\/wp-json\/wp\/v2\/users\/2013"}],"replies":[{"embeddable":true,"href":"https:\/\/zjarr.tv\/sq\/wp-json\/wp\/v2\/comments?post=114373"}],"version-history":[{"count":0,"href":"https:\/\/zjarr.tv\/sq\/wp-json\/wp\/v2\/posts\/114373\/revisions"}],"wp:featuredmedia":[{"embeddable":true,"href":"https:\/\/zjarr.tv\/sq\/wp-json\/wp\/v2\/media\/114420"}],"wp:attachment":[{"href":"https:\/\/zjarr.tv\/sq\/wp-json\/wp\/v2\/media?parent=114373"}],"wp:term":[{"taxonomy":"category","embeddable":true,"href":"https:\/\/zjarr.tv\/sq\/wp-json\/wp\/v2\/categories?post=114373"},{"taxonomy":"post_tag","embeddable":true,"href":"https:\/\/zjarr.tv\/sq\/wp-json\/wp\/v2\/tags?post=114373"}],"curies":[{"name":"wp","href":"https:\/\/api.w.org\/{rel}","templated":true}]}}