{"id":114376,"date":"2019-11-18T18:10:16","date_gmt":"2019-11-18T17:10:16","guid":{"rendered":"https:\/\/zjarr.tv\/?p=114376"},"modified":"2019-11-18T13:44:46","modified_gmt":"2019-11-18T12:44:46","slug":"stuhia-shkaterron-nje-kamp-te-migranteve-ne-bosnje-e-hercegovine","status":"publish","type":"post","link":"https:\/\/zjarr.tv\/sq\/stuhia-shkaterron-nje-kamp-te-migranteve-ne-bosnje-e-hercegovine\/","title":{"rendered":"Stuhia shkat\u00ebrron nj\u00eb kamp t\u00eb migrant\u00ebve n\u00eb Bosnje e Hercegovin\u00eb"},"content":{"rendered":"<p>Nj\u00eb stuhi n\u00eb Bosnje e Hercegovin\u00eb ka p\u00ebrfshir\u00eb nj\u00eb kamp t\u00eb improvizuar n\u00eb Vucjak ku po q\u00ebndronin migrant\u00ebt q\u00eb kan\u00eb synim vendet e Bashkimit Evropian.<\/p>\n<p>Shum\u00eb migrant brenda kampit af\u00ebr kufirit me Kroacin\u00eb kan\u00eb k\u00ebrkuar ndihm\u00eb dhe strehim pas reshjeve t\u00eb shiut dhe stuhis\u00eb s\u00eb madhe<\/p>\n<p>&#8220;T\u00eb lutem m\u00eb ndihmo. Un\u00eb jam njeri, jo kafsh\u00eb, m\u00eb ofro strehim\u201d, kishte th\u00ebn\u00eb Kamran Han, migrant nga Pakistani p\u00ebr agjencin\u00eb e lajmeve Associated Press.<\/p>\n<p>Kasif Pervez, po ashtu nga Pakistani, tha se nuk ka pasur asnj\u00eb ndihm\u00eb nga autoritetet apo organizatat q\u00eb ofrojn\u00eb ndihm\u00eb.<\/p>\n<p>Kampi u mbush me uj\u00eb dhe mbeturina derisa migrant\u00ebt po tentojn\u00eb t\u00eb rregullojn\u00eb tendat dhe p\u00ebrmes zjarrit t\u00eb ndezur po tentojn\u00eb t\u00eb ngrohen.<\/p>\n<p>Nj\u00eb dit\u00eb m\u00eb par\u00eb, Mjek\u00ebt pa Kufij than\u00eb se kampi i improvizuar nuk i plot\u00ebson as nevojat bazike t\u00eb jetes\u00ebs, duke theksuar se \u00ebsht\u00eb nj\u00eb \u201cvend i rreziksh\u00ebm dhe jonjer\u00ebzor\u201d.<\/p>\n<p>Ky kamp i nd\u00ebrtuar n\u00eb qershor, ofron strehim p\u00ebr rreth 2,000 persona. N\u00eb kamp nuk ka as energji elektrike as uj\u00eb. Bashkimi Evropian i kishte ofruar Bosnje e Hercegovin\u00ebs m\u00eb shum\u00eb se 36 milion\u00eb euro ndihm\u00eb p\u00ebr migrant\u00ebt, por kushtet n\u00eb kampin Vucjak jan\u00eb aq t\u00eb k\u00ebqija saq\u00eb \u201casnj\u00eb ndihm\u00eb e Bashkimit Evropian nuk do t\u00eb ofrohet p\u00ebr t\u00eb\u201d, kishte th\u00ebn\u00eb Komisioneri p\u00ebr Migrim i BE-s\u00eb, Dimitris Avramopoulous.<\/p>\n<p>Rreth 50,000 migrant\u00eb kan\u00eb kaluar n\u00ebp\u00ebr Bosnje e Hercegovin\u00eb vitin e kaluar, derisa qeveria e vendit \u00ebsht\u00eb p\u00ebrballur me v\u00ebshtir\u00ebsi p\u00ebr t\u00eb menaxhuar fluksin e tyre.<\/p>\n","protected":false},"excerpt":{"rendered":"<p>Nj\u00eb stuhi n\u00eb Bosnje e Hercegovin\u00eb ka p\u00ebrfshir\u00eb nj\u00eb kamp t\u00eb improvizuar n\u00eb Vucjak ku po q\u00ebndronin migrant\u00ebt q\u00eb kan\u00eb synim vendet e Bashkimit Evropian. Shum\u00eb migrant brenda kampit af\u00ebr kufirit me Kroacin\u00eb kan\u00eb k\u00ebrkuar ndihm\u00eb dhe strehim pas reshjeve t\u00eb shiut dhe stuhis\u00eb s\u00eb madhe &#8220;T\u00eb lutem m\u00eb ndihmo. Un\u00eb jam njeri, jo kafsh\u00eb, [&hellip;]<\/p>\n","protected":false},"author":2013,"featured_media":114377,"comment_status":"open","ping_status":"closed","sticky":false,"template":"","format":"standard","meta":{"footnotes":""},"categories":[241,2],"tags":[],"class_list":{"0":"post-114376","1":"post","2":"type-post","3":"status-publish","4":"format-standard","5":"has-post-thumbnail","7":"category-aktualitet","8":"category-rajoni"},"_links":{"self":[{"href":"https:\/\/zjarr.tv\/sq\/wp-json\/wp\/v2\/posts\/114376","targetHints":{"allow":["GET"]}}],"collection":[{"href":"https:\/\/zjarr.tv\/sq\/wp-json\/wp\/v2\/posts"}],"about":[{"href":"https:\/\/zjarr.tv\/sq\/wp-json\/wp\/v2\/types\/post"}],"author":[{"embeddable":true,"href":"https:\/\/zjarr.tv\/sq\/wp-json\/wp\/v2\/users\/2013"}],"replies":[{"embeddable":true,"href":"https:\/\/zjarr.tv\/sq\/wp-json\/wp\/v2\/comments?post=114376"}],"version-history":[{"count":0,"href":"https:\/\/zjarr.tv\/sq\/wp-json\/wp\/v2\/posts\/114376\/revisions"}],"wp:featuredmedia":[{"embeddable":true,"href":"https:\/\/zjarr.tv\/sq\/wp-json\/wp\/v2\/media\/114377"}],"wp:attachment":[{"href":"https:\/\/zjarr.tv\/sq\/wp-json\/wp\/v2\/media?parent=114376"}],"wp:term":[{"taxonomy":"category","embeddable":true,"href":"https:\/\/zjarr.tv\/sq\/wp-json\/wp\/v2\/categories?post=114376"},{"taxonomy":"post_tag","embeddable":true,"href":"https:\/\/zjarr.tv\/sq\/wp-json\/wp\/v2\/tags?post=114376"}],"curies":[{"name":"wp","href":"https:\/\/api.w.org\/{rel}","templated":true}]}}