{"id":114382,"date":"2019-11-18T18:30:43","date_gmt":"2019-11-18T17:30:43","guid":{"rendered":"https:\/\/zjarr.tv\/?p=114382"},"modified":"2019-11-18T13:46:11","modified_gmt":"2019-11-18T12:46:11","slug":"tarifat-ndaj-serbise-75-e-biznesit-kosovar-thone-se-ka-pasur-ndikim-negativ","status":"publish","type":"post","link":"https:\/\/zjarr.tv\/sq\/tarifat-ndaj-serbise-75-e-biznesit-kosovar-thone-se-ka-pasur-ndikim-negativ\/","title":{"rendered":"Tarifat ndaj Serbis\u00eb, 75% e biznesit kosovar thon\u00eb se ka pasur ndikim negativ"},"content":{"rendered":"<p><em>Afro nj\u00eb vit nga aplikimi i tarifave maksimaliste kundrejt Serbis\u00eb, bizneset kosovare e mir\u00ebpresin arritjen e nj\u00eb marr\u00ebveshjeje paq\u00ebsore, duke besuar se kjo do ndikoj\u00eb n\u00eb rritjen e investimeve direkte t\u00eb huaja n\u00eb Kosov\u00eb, rritjen e eksportit, si dhe shtimin e fokusit t\u00eb politik\u00ebs kosovare te bizneset.<\/em><\/p>\n<p>T\u00eb enjten, m\u00eb 21 n\u00ebntor, mbushet nj\u00eb vit nga vendimi i kryeministrit n\u00eb detyr\u00eb, Ramush Haradinaj, p\u00ebr t\u00eb rritur nga 10 n\u00eb 100 p\u00ebr qind tarifat doganore p\u00ebr mallrat serbe dhe boshnjake.<\/p>\n<p>Politika q\u00eb u b\u00eb shkak prej fushat\u00ebs negative p\u00ebr mosnjohjen e Prishtin\u00ebs n\u00ebp\u00ebr bot\u00eb, ka ndikuar politikisht dhe ekonomikisht pajtimin mes fqinj\u00ebve.<\/p>\n<p>Kreu i Od\u00ebs Ekonomike, Berat Rukiqi, tha t\u00eb h\u00ebn\u00ebn se gjat\u00eb k\u00ebsaj periudhe Serbia ka d\u00ebmtuar zhvillimin bizneseve kosovare p\u00ebr nj\u00eb num\u00ebr arsyesh.<\/p>\n<p>Duke prezantuar t\u00eb h\u00ebn\u00ebn opinionet e bizneseve p\u00ebr marr\u00ebveshjen Kosov\u00eb-Serbi, Rukiqi shtoi se akordi dypal\u00ebsh mb\u00ebshtetet nga bizneset vend\u00ebse.<\/p>\n<p>Lidhur me gjendjen e t\u00eb b\u00ebrit biznes, situata n\u00eb muajt korrik, gusht, shtator, paraqitet e k\u00ebnaqshme sipas bizneseve n\u00eb Kosov\u00eb dhe ka rritje t\u00eb besueshm\u00ebris\u00eb, nd\u00ebrsa shkalla e papun\u00ebsis\u00eb mbetet stabile.<\/p>\n<p>Barrierat me t\u00eb cilat hasen bizneset jan\u00eb kryesisht pagesat jasht\u00eb koh\u00ebs, konkurrenca e padrejt\u00eb dhe mungesa e mjeteve financiare.<\/p>\n","protected":false},"excerpt":{"rendered":"<p>Afro nj\u00eb vit nga aplikimi i tarifave maksimaliste kundrejt Serbis\u00eb, bizneset kosovare e mir\u00ebpresin arritjen e nj\u00eb marr\u00ebveshjeje paq\u00ebsore, duke besuar se kjo do ndikoj\u00eb n\u00eb rritjen e investimeve direkte t\u00eb huaja n\u00eb Kosov\u00eb, rritjen e eksportit, si dhe shtimin e fokusit t\u00eb politik\u00ebs kosovare te bizneset. T\u00eb enjten, m\u00eb 21 n\u00ebntor, mbushet nj\u00eb vit [&hellip;]<\/p>\n","protected":false},"author":2013,"featured_media":114383,"comment_status":"open","ping_status":"closed","sticky":false,"template":"","format":"standard","meta":{"footnotes":""},"categories":[241,2],"tags":[],"class_list":{"0":"post-114382","1":"post","2":"type-post","3":"status-publish","4":"format-standard","5":"has-post-thumbnail","7":"category-aktualitet","8":"category-rajoni"},"_links":{"self":[{"href":"https:\/\/zjarr.tv\/sq\/wp-json\/wp\/v2\/posts\/114382","targetHints":{"allow":["GET"]}}],"collection":[{"href":"https:\/\/zjarr.tv\/sq\/wp-json\/wp\/v2\/posts"}],"about":[{"href":"https:\/\/zjarr.tv\/sq\/wp-json\/wp\/v2\/types\/post"}],"author":[{"embeddable":true,"href":"https:\/\/zjarr.tv\/sq\/wp-json\/wp\/v2\/users\/2013"}],"replies":[{"embeddable":true,"href":"https:\/\/zjarr.tv\/sq\/wp-json\/wp\/v2\/comments?post=114382"}],"version-history":[{"count":0,"href":"https:\/\/zjarr.tv\/sq\/wp-json\/wp\/v2\/posts\/114382\/revisions"}],"wp:featuredmedia":[{"embeddable":true,"href":"https:\/\/zjarr.tv\/sq\/wp-json\/wp\/v2\/media\/114383"}],"wp:attachment":[{"href":"https:\/\/zjarr.tv\/sq\/wp-json\/wp\/v2\/media?parent=114382"}],"wp:term":[{"taxonomy":"category","embeddable":true,"href":"https:\/\/zjarr.tv\/sq\/wp-json\/wp\/v2\/categories?post=114382"},{"taxonomy":"post_tag","embeddable":true,"href":"https:\/\/zjarr.tv\/sq\/wp-json\/wp\/v2\/tags?post=114382"}],"curies":[{"name":"wp","href":"https:\/\/api.w.org\/{rel}","templated":true}]}}