{"id":114386,"date":"2019-11-18T18:40:24","date_gmt":"2019-11-18T17:40:24","guid":{"rendered":"https:\/\/zjarr.tv\/?p=114386"},"modified":"2019-11-18T13:46:48","modified_gmt":"2019-11-18T12:46:48","slug":"ish-presidenti-moisiu-taksa-100-ndaj-serbise-ka-qene-veprim-i-duhur","status":"publish","type":"post","link":"https:\/\/zjarr.tv\/sq\/ish-presidenti-moisiu-taksa-100-ndaj-serbise-ka-qene-veprim-i-duhur\/","title":{"rendered":"Ish-presidenti Moisiu: Taksa 100% ndaj Serbis\u00eb ka qen\u00eb veprim i duhur"},"content":{"rendered":"<p>Ish-presidenti shqiptar Alfred Moisiu thot\u00eb se vendimi i Qeveris\u00eb Haradinaj p\u00ebr taks\u00ebn 100% ndaj Serbis\u00eb ka qen\u00eb i duhur, kurse, korrigjimi i kufijve \u00ebsht\u00eb nd\u00ebrkomb\u00ebtarisht i rreziksh\u00ebm. Sipas tij, Kosov\u00ebs po i b\u00ebhet padrejt\u00ebsi sa i p\u00ebrket \u00e7\u00ebshtjes s\u00eb liberalizimit t\u00eb vizave.<\/p>\n<p>Moisiu, n\u00eb nj\u00eb intervist\u00eb p\u00ebr KosovaPress, thot\u00eb se qeveria e re e Kosov\u00ebs duhet t\u00eb jet\u00eb largpam\u00ebse sa i p\u00ebrket \u00e7\u00ebshtjes me Serbin\u00eb dhe duhet gjetur m\u00ebnyr\u00ebn p\u00ebr marr\u00ebveshje me shtetin fqinj.<\/p>\n<p>Bisedimet midis Kosov\u00ebs dhe Serbis\u00eb p\u00ebr Moisiun kan\u00eb shum\u00eb r\u00ebnd\u00ebsi meq\u00eb nuk mund t\u00eb vazhdohet pafund\u00ebsisht me gj\u00ebra pezull.<\/p>\n<p>Sipas tij, ka qen\u00eb e nevojshme t\u2019i tregohet Serbis\u00eb q\u00eb Kosova ka \u201cZot sht\u00ebpie\u201d e kjo u b\u00eb me vendosjen e taks\u00ebs 100% ndaj mallrave serbe.<\/p>\n<p>Moisiu thot\u00eb taksa tashm\u00eb e ka arritur efektin e saj dhe duhet par\u00eb me kujdes si t\u00eb vazhdohet tutje n\u00eb k\u00ebt\u00eb \u00e7\u00ebshtje.<\/p>\n<p>Ish-presidenti shqiptar konsideron se Qeveria e re e Kosov\u00ebs nuk duhet t\u00eb merret me problemet ditore por me at\u00eb se \u00e7ka do t\u00eb b\u00ebhet tutje, ose si\u00e7 thekson ai, duhet t\u00eb jet\u00eb largpam\u00ebse.<\/p>\n<p>Sa i p\u00ebrket shtetit t\u00eb Serbis\u00eb, ai mendon q\u00eb nuk do t\u00eb mund t\u00eb vazhdojn\u00eb gjat\u00eb me kok\u00ebfort\u00ebsi, nd\u00ebrkoh\u00eb q\u00eb shprehet se nuk i kupton deklaratat e politikan\u00ebve serb\u00eb: \u201cKosova \u00ebsht\u00eb zemra e Serbis\u00eb\u201d, meq\u00eb 95% e popullsis\u00eb n\u00eb Kosov\u00eb jan\u00eb shqiptar\u00eb.<\/p>\n<p>I pyetur p\u00ebr iden\u00eb e korrigjimit t\u00eb kufijve mes Kosov\u00ebs dhe Serbis\u00eb, Moisiu thot\u00eb se nj\u00eb veprim i till\u00eb \u00ebsht\u00eb nd\u00ebrkomb\u00ebtarisht i rreziksh\u00ebm.<\/p>\n<p>Nd\u00ebr t\u00eb tjera, n\u00eb intervist\u00ebn dh\u00ebn\u00eb KosovaPress-it, ish-presidenti shqiptar ka deklaruar q\u00eb Kosov\u00ebs po i b\u00ebhet padrejt\u00ebsi sa i p\u00ebrket \u00e7\u00ebshtjes s\u00eb liberalizimit t\u00eb vizave, duke mos i dh\u00ebn\u00eb p\u00ebrgjigj\u00ebn pozitive ani pse i ka p\u00ebrmbush t\u00eb gjitha kriteret.\/KosovaPress\/<\/p>\n","protected":false},"excerpt":{"rendered":"<p>Ish-presidenti shqiptar Alfred Moisiu thot\u00eb se vendimi i Qeveris\u00eb Haradinaj p\u00ebr taks\u00ebn 100% ndaj Serbis\u00eb ka qen\u00eb i duhur, kurse, korrigjimi i kufijve \u00ebsht\u00eb nd\u00ebrkomb\u00ebtarisht i rreziksh\u00ebm. Sipas tij, Kosov\u00ebs po i b\u00ebhet padrejt\u00ebsi sa i p\u00ebrket \u00e7\u00ebshtjes s\u00eb liberalizimit t\u00eb vizave. Moisiu, n\u00eb nj\u00eb intervist\u00eb p\u00ebr KosovaPress, thot\u00eb se qeveria e re e Kosov\u00ebs [&hellip;]<\/p>\n","protected":false},"author":2013,"featured_media":114387,"comment_status":"open","ping_status":"closed","sticky":false,"template":"","format":"standard","meta":{"footnotes":""},"categories":[241,2],"tags":[],"class_list":{"0":"post-114386","1":"post","2":"type-post","3":"status-publish","4":"format-standard","5":"has-post-thumbnail","7":"category-aktualitet","8":"category-rajoni"},"_links":{"self":[{"href":"https:\/\/zjarr.tv\/sq\/wp-json\/wp\/v2\/posts\/114386","targetHints":{"allow":["GET"]}}],"collection":[{"href":"https:\/\/zjarr.tv\/sq\/wp-json\/wp\/v2\/posts"}],"about":[{"href":"https:\/\/zjarr.tv\/sq\/wp-json\/wp\/v2\/types\/post"}],"author":[{"embeddable":true,"href":"https:\/\/zjarr.tv\/sq\/wp-json\/wp\/v2\/users\/2013"}],"replies":[{"embeddable":true,"href":"https:\/\/zjarr.tv\/sq\/wp-json\/wp\/v2\/comments?post=114386"}],"version-history":[{"count":0,"href":"https:\/\/zjarr.tv\/sq\/wp-json\/wp\/v2\/posts\/114386\/revisions"}],"wp:featuredmedia":[{"embeddable":true,"href":"https:\/\/zjarr.tv\/sq\/wp-json\/wp\/v2\/media\/114387"}],"wp:attachment":[{"href":"https:\/\/zjarr.tv\/sq\/wp-json\/wp\/v2\/media?parent=114386"}],"wp:term":[{"taxonomy":"category","embeddable":true,"href":"https:\/\/zjarr.tv\/sq\/wp-json\/wp\/v2\/categories?post=114386"},{"taxonomy":"post_tag","embeddable":true,"href":"https:\/\/zjarr.tv\/sq\/wp-json\/wp\/v2\/tags?post=114386"}],"curies":[{"name":"wp","href":"https:\/\/api.w.org\/{rel}","templated":true}]}}