{"id":114488,"date":"2019-11-18T15:28:05","date_gmt":"2019-11-18T14:28:05","guid":{"rendered":"https:\/\/zjarr.tv\/?p=114488"},"modified":"2019-11-18T15:28:05","modified_gmt":"2019-11-18T14:28:05","slug":"basha-konfirmon-neser-ne-oren-900-takohem-me-presidentin-meta","status":"publish","type":"post","link":"https:\/\/zjarr.tv\/sq\/basha-konfirmon-neser-ne-oren-900-takohem-me-presidentin-meta\/","title":{"rendered":"Basha konfirmon: Nes\u00ebr n\u00eb or\u00ebn 9:00 takohem me Presidentin Meta"},"content":{"rendered":"<p>Kreu i PD, Lulzim Basha ka konfirmuar se takimi me Presidentin Ilir Meta do t\u00eb zhvillohet n\u00ebs\u00ebr n\u00eb or\u00ebn 09:00.<\/p>\n<p>Pas takimit me fermer\u00ebt n\u00eb Lezh\u00eb, Basha tha p\u00ebr gazetar\u00ebt se kapja e institucioneve \u00ebsht\u00eb plani i vet\u00ebm i k\u00ebsaj qeverie, prandaj duhet ndaluar nj\u00eb or\u00eb e m\u00eb par\u00eb.<\/p>\n<p><em>&#8220;Thirrja e shqiptareve q\u00eb d\u00ebgjuam dje n\u00eb stadium duhet t&#8217;ja v\u00ebm\u00eb mir\u00eb veshin \u00ebsht\u00eb thirrja p\u00ebr ndryshim \u00ebsht\u00eb thirrja p\u00ebr t&#8217;i dh\u00ebn\u00eb fund kriz\u00ebs politike p\u00ebrmes zgjedhjeve t\u00eb parakohshme parlamentare dhe lokale n\u00eb nj\u00eb dit\u00eb. Ftes\u00ebn e zotit Meta e kam pranuar dhe konfirmuar do t\u00eb takohem nes\u00ebr n\u00eb or\u00ebn 9&#8221;,<\/em>\u00a0tha Basha.<\/p>\n","protected":false},"excerpt":{"rendered":"<p>Kreu i PD, Lulzim Basha ka konfirmuar se takimi me Presidentin Ilir Meta do t\u00eb zhvillohet n\u00ebs\u00ebr n\u00eb or\u00ebn 09:00. Pas takimit me fermer\u00ebt n\u00eb Lezh\u00eb, Basha tha p\u00ebr gazetar\u00ebt se kapja e institucioneve \u00ebsht\u00eb plani i vet\u00ebm i k\u00ebsaj qeverie, prandaj duhet ndaluar nj\u00eb or\u00eb e m\u00eb par\u00eb. &#8220;Thirrja e shqiptareve q\u00eb d\u00ebgjuam dje [&hellip;]<\/p>\n","protected":false},"author":2013,"featured_media":94253,"comment_status":"open","ping_status":"closed","sticky":false,"template":"","format":"standard","meta":{"footnotes":""},"categories":[241,235],"tags":[],"class_list":{"0":"post-114488","1":"post","2":"type-post","3":"status-publish","4":"format-standard","5":"has-post-thumbnail","7":"category-aktualitet","8":"category-vendi"},"_links":{"self":[{"href":"https:\/\/zjarr.tv\/sq\/wp-json\/wp\/v2\/posts\/114488","targetHints":{"allow":["GET"]}}],"collection":[{"href":"https:\/\/zjarr.tv\/sq\/wp-json\/wp\/v2\/posts"}],"about":[{"href":"https:\/\/zjarr.tv\/sq\/wp-json\/wp\/v2\/types\/post"}],"author":[{"embeddable":true,"href":"https:\/\/zjarr.tv\/sq\/wp-json\/wp\/v2\/users\/2013"}],"replies":[{"embeddable":true,"href":"https:\/\/zjarr.tv\/sq\/wp-json\/wp\/v2\/comments?post=114488"}],"version-history":[{"count":0,"href":"https:\/\/zjarr.tv\/sq\/wp-json\/wp\/v2\/posts\/114488\/revisions"}],"wp:featuredmedia":[{"embeddable":true,"href":"https:\/\/zjarr.tv\/sq\/wp-json\/wp\/v2\/media\/94253"}],"wp:attachment":[{"href":"https:\/\/zjarr.tv\/sq\/wp-json\/wp\/v2\/media?parent=114488"}],"wp:term":[{"taxonomy":"category","embeddable":true,"href":"https:\/\/zjarr.tv\/sq\/wp-json\/wp\/v2\/categories?post=114488"},{"taxonomy":"post_tag","embeddable":true,"href":"https:\/\/zjarr.tv\/sq\/wp-json\/wp\/v2\/tags?post=114488"}],"curies":[{"name":"wp","href":"https:\/\/api.w.org\/{rel}","templated":true}]}}