{"id":114503,"date":"2019-11-18T16:13:15","date_gmt":"2019-11-18T15:13:15","guid":{"rendered":"https:\/\/zjarr.tv\/?p=114503"},"modified":"2019-11-18T16:13:15","modified_gmt":"2019-11-18T15:13:15","slug":"vuri-ne-diskutim-dekretet-zbulohet-letra-e-metes-bernd-borchadt-jo-me-i-mirepritur-ne-presidence","status":"publish","type":"post","link":"https:\/\/zjarr.tv\/sq\/vuri-ne-diskutim-dekretet-zbulohet-letra-e-metes-bernd-borchadt-jo-me-i-mirepritur-ne-presidence\/","title":{"rendered":"\u2018Vuri n\u00eb diskutim dekretet\u2019, Zbulohet letra e Met\u00ebs: Bernd Borchadt jo m\u00eb i mir\u00ebpritur n\u00eb Presidenc\u00eb"},"content":{"rendered":"<p>Presidenti Ilir Meta deklaran se amasadori i OSBE n\u00eb Tiran\u00eb, Bernd Borchadt nuk \u00ebsht\u00eb i mir\u00ebpritur m\u00eb n\u00eb Presidenc\u00eb. Lidhur me vendimin e tij, Meta thot\u00eb se i \u00ebsht\u00eb drejtuar p\u00ebrmes nj\u00eb shkrese Zyr\u00ebs s\u00eb Asambles\u00eb Parlamentare t\u00eb OSBE n\u00eb Kopenhagen, asaj n\u00eb Tiran\u00eb dhe Drejtoris\u00eb s\u00eb Protokollit t\u00eb Shtetit pran\u00eb MEPJ n\u00eb Tiran\u00eb.<\/p>\n<div id=\"pa_1x1_psbk_1574089956692\"><\/div>\n<figure id=\"attachment_1172258\" class=\"wp-caption alignnone\"><a href=\"https:\/\/balkanweb.com\/wp-content\/uploads\/2019\/11\/parlamenti-drejtur-OSBE-se-264x350.png\" rel=\"lightbox\"><img loading=\"lazy\" decoding=\"async\" class=\"size-large wp-image-1172258\" src=\"https:\/\/balkanweb.com\/wp-content\/uploads\/2019\/11\/parlamenti-drejtur-OSBE-se-264x350.png\" sizes=\"auto, (max-width: 264px) 100vw, 264px\" srcset=\"https:\/\/balkanweb.com\/wp-content\/uploads\/2019\/11\/parlamenti-drejtur-OSBE-se-264x350.png 264w, https:\/\/balkanweb.com\/wp-content\/uploads\/2019\/11\/parlamenti-drejtur-OSBE-se-211x280.png 211w, https:\/\/balkanweb.com\/wp-content\/uploads\/2019\/11\/parlamenti-drejtur-OSBE-se-198x263.png 198w, https:\/\/balkanweb.com\/wp-content\/uploads\/2019\/11\/parlamenti-drejtur-OSBE-se-60x80.png 60w, https:\/\/balkanweb.com\/wp-content\/uploads\/2019\/11\/parlamenti-drejtur-OSBE-se-340x450.png 340w, https:\/\/balkanweb.com\/wp-content\/uploads\/2019\/11\/parlamenti-drejtur-OSBE-se.png 658w\" alt=\"Parlamenti Drejtur Osbe Se\" width=\"264\" height=\"350\" \/><\/a><\/figure>\n<p>\u201cZ.Bernd Boschardt, i cili vuri n\u00eb diskutim dekretin e Presidentit t\u00eb Republik\u00ebs s\u00eb Shqip\u00ebris\u00eb, SH.T.Z Ilir Meta p\u00ebr zgjedhjet vendore n\u00eb Shqip\u00ebri t\u00eb muajit qershor 2019 dhe q\u00eb publikisht i tregoi gishtin qytetar\u00ebve shqiptar\u00eb nuk \u00ebsht\u00eb m\u00eb i mir\u00ebpritur n\u00eb Institucionin e Presidentit t\u00eb Republik\u00ebs.\u201d thuhet n\u00eb letr\u00ebn q\u00eb mban dat\u00ebn 18 n\u00ebntor.<\/p>\n","protected":false},"excerpt":{"rendered":"<p>Presidenti Ilir Meta deklaran se amasadori i OSBE n\u00eb Tiran\u00eb, Bernd Borchadt nuk \u00ebsht\u00eb i mir\u00ebpritur m\u00eb n\u00eb Presidenc\u00eb. Lidhur me vendimin e tij, Meta thot\u00eb se i \u00ebsht\u00eb drejtuar p\u00ebrmes nj\u00eb shkrese Zyr\u00ebs s\u00eb Asambles\u00eb Parlamentare t\u00eb OSBE n\u00eb Kopenhagen, asaj n\u00eb Tiran\u00eb dhe Drejtoris\u00eb s\u00eb Protokollit t\u00eb Shtetit pran\u00eb MEPJ n\u00eb Tiran\u00eb. \u201cZ.Bernd [&hellip;]<\/p>\n","protected":false},"author":2013,"featured_media":85288,"comment_status":"open","ping_status":"closed","sticky":false,"template":"","format":"standard","meta":{"footnotes":""},"categories":[241,235],"tags":[],"class_list":{"0":"post-114503","1":"post","2":"type-post","3":"status-publish","4":"format-standard","5":"has-post-thumbnail","7":"category-aktualitet","8":"category-vendi"},"_links":{"self":[{"href":"https:\/\/zjarr.tv\/sq\/wp-json\/wp\/v2\/posts\/114503","targetHints":{"allow":["GET"]}}],"collection":[{"href":"https:\/\/zjarr.tv\/sq\/wp-json\/wp\/v2\/posts"}],"about":[{"href":"https:\/\/zjarr.tv\/sq\/wp-json\/wp\/v2\/types\/post"}],"author":[{"embeddable":true,"href":"https:\/\/zjarr.tv\/sq\/wp-json\/wp\/v2\/users\/2013"}],"replies":[{"embeddable":true,"href":"https:\/\/zjarr.tv\/sq\/wp-json\/wp\/v2\/comments?post=114503"}],"version-history":[{"count":0,"href":"https:\/\/zjarr.tv\/sq\/wp-json\/wp\/v2\/posts\/114503\/revisions"}],"wp:featuredmedia":[{"embeddable":true,"href":"https:\/\/zjarr.tv\/sq\/wp-json\/wp\/v2\/media\/85288"}],"wp:attachment":[{"href":"https:\/\/zjarr.tv\/sq\/wp-json\/wp\/v2\/media?parent=114503"}],"wp:term":[{"taxonomy":"category","embeddable":true,"href":"https:\/\/zjarr.tv\/sq\/wp-json\/wp\/v2\/categories?post=114503"},{"taxonomy":"post_tag","embeddable":true,"href":"https:\/\/zjarr.tv\/sq\/wp-json\/wp\/v2\/tags?post=114503"}],"curies":[{"name":"wp","href":"https:\/\/api.w.org\/{rel}","templated":true}]}}