{"id":114515,"date":"2019-11-18T16:28:58","date_gmt":"2019-11-18T15:28:58","guid":{"rendered":"https:\/\/zjarr.tv\/?p=114515"},"modified":"2019-11-18T16:28:58","modified_gmt":"2019-11-18T15:28:58","slug":"borchadt-i-mbyllet-dera-ne-presidence-kryemadhi-ambasadori-mund-te-kishte-kandiduar-ne-kushtetuese-kush-i-drejton-gishtin-shqiptareve-e-merr-mbrapsht","status":"publish","type":"post","link":"https:\/\/zjarr.tv\/sq\/borchadt-i-mbyllet-dera-ne-presidence-kryemadhi-ambasadori-mund-te-kishte-kandiduar-ne-kushtetuese-kush-i-drejton-gishtin-shqiptareve-e-merr-mbrapsht\/","title":{"rendered":"Borchadt \u2018i mbyllet\u2019 dera n\u00eb Presidenc\u00eb, Kryemadhi: Ambasadori mund t\u00eb kishte kandiduar n\u00eb Kushtetuese. Kush i drejton gishtin shqiptar\u00ebve e merr mbrapsht"},"content":{"rendered":"<p>Pas nj\u00eb shkrese q\u00eb presidenti Ilir Meta i d\u00ebrgoi Zyr\u00ebs s\u00eb Asambles\u00eb Parlamentare t\u00eb OSBE n\u00eb Kopenhagen, ku thuhej se ambasadori i OSBE n\u00eb Tiran\u00eb, Bernd Borchadt nuk ishte i mir\u00ebpritur n\u00eb Institucionin e Presidentit, vjen nj\u00eb reagim nga kryetarja e LSI-s\u00eb Monika Kryemadhi.<\/p>\n<p>N\u00eb nj\u00eb konferenc\u00eb p\u00ebr mediat, Kryemadhi theksoi se fyerjet e Borchadt kalonin \u00e7do lloj norme njer\u00ebzore, nd\u00ebrsa mes ironis\u00eb ajo tha se ambasadori mund t\u00eb kishte kandiduar p\u00ebr an\u00ebtar n\u00eb Gjykat\u00ebn Kushtetuese.<\/p>\n<p>\u201cMendoj se zoti Borchadt mund t\u00eb kishte kandidatura p\u00ebr Gjykat\u00ebn Kushtetuese. Pasi Engj\u00ebll Aga\u00e7i mund ta kandidonte ate edhe n\u00eb Kuvend. Sa i takon gishtit t\u00eb mesit, kush i nxjerr gishtin shqiptar\u00ebve, ta marrin mbrapsht at\u00eb. K\u00ebta jan\u00eb individ\u00eb q\u00eb fyejn\u00eb shqiptar\u00ebt, integritetin e shqiptar\u00ebve. Pavar\u00ebsisht se ka ardhur p\u00ebr shkak t\u00eb partive politike. K\u00ebta individ\u00eb marrin p\u00ebrsip\u00ebr q\u00eb t\u00eb b\u00ebjn\u00eb nj\u00eb fyerje t\u00eb till\u00eb. \u00c7do njeri ka m\u00ebnyr\u00ebn e vet p\u00ebr t\u00eb shprehur protest\u00ebn. Si diplomat mund t\u00eb b\u00ebnte ankes\u00eb me shkrim n\u00eb ministrin\u00eb e Jashtme. Ai kaloi aty mes grave t\u00eb indinjuara q\u00eb iu ishin arrestuar njer\u00ebzit e tyre n\u00eb m\u00ebnyr\u00eb t\u00eb pafajshme dhe provokoi\u201d, pohoi Kryemadhi.<\/p>\n","protected":false},"excerpt":{"rendered":"<p>Pas nj\u00eb shkrese q\u00eb presidenti Ilir Meta i d\u00ebrgoi Zyr\u00ebs s\u00eb Asambles\u00eb Parlamentare t\u00eb OSBE n\u00eb Kopenhagen, ku thuhej se ambasadori i OSBE n\u00eb Tiran\u00eb, Bernd Borchadt nuk ishte i mir\u00ebpritur n\u00eb Institucionin e Presidentit, vjen nj\u00eb reagim nga kryetarja e LSI-s\u00eb Monika Kryemadhi. N\u00eb nj\u00eb konferenc\u00eb p\u00ebr mediat, Kryemadhi theksoi se fyerjet e Borchadt [&hellip;]<\/p>\n","protected":false},"author":2013,"featured_media":114519,"comment_status":"open","ping_status":"closed","sticky":false,"template":"","format":"standard","meta":{"footnotes":""},"categories":[241,235],"tags":[],"class_list":{"0":"post-114515","1":"post","2":"type-post","3":"status-publish","4":"format-standard","5":"has-post-thumbnail","7":"category-aktualitet","8":"category-vendi"},"_links":{"self":[{"href":"https:\/\/zjarr.tv\/sq\/wp-json\/wp\/v2\/posts\/114515","targetHints":{"allow":["GET"]}}],"collection":[{"href":"https:\/\/zjarr.tv\/sq\/wp-json\/wp\/v2\/posts"}],"about":[{"href":"https:\/\/zjarr.tv\/sq\/wp-json\/wp\/v2\/types\/post"}],"author":[{"embeddable":true,"href":"https:\/\/zjarr.tv\/sq\/wp-json\/wp\/v2\/users\/2013"}],"replies":[{"embeddable":true,"href":"https:\/\/zjarr.tv\/sq\/wp-json\/wp\/v2\/comments?post=114515"}],"version-history":[{"count":0,"href":"https:\/\/zjarr.tv\/sq\/wp-json\/wp\/v2\/posts\/114515\/revisions"}],"wp:featuredmedia":[{"embeddable":true,"href":"https:\/\/zjarr.tv\/sq\/wp-json\/wp\/v2\/media\/114519"}],"wp:attachment":[{"href":"https:\/\/zjarr.tv\/sq\/wp-json\/wp\/v2\/media?parent=114515"}],"wp:term":[{"taxonomy":"category","embeddable":true,"href":"https:\/\/zjarr.tv\/sq\/wp-json\/wp\/v2\/categories?post=114515"},{"taxonomy":"post_tag","embeddable":true,"href":"https:\/\/zjarr.tv\/sq\/wp-json\/wp\/v2\/tags?post=114515"}],"curies":[{"name":"wp","href":"https:\/\/api.w.org\/{rel}","templated":true}]}}