{"id":114521,"date":"2019-11-18T16:41:43","date_gmt":"2019-11-18T15:41:43","guid":{"rendered":"https:\/\/zjarr.tv\/?p=114521"},"modified":"2019-11-18T16:41:43","modified_gmt":"2019-11-18T15:41:43","slug":"vetingu-ne-polici-po-zvarritet","status":"publish","type":"post","link":"https:\/\/zjarr.tv\/sq\/vetingu-ne-polici-po-zvarritet\/","title":{"rendered":"Vetingu n\u00eb polici po zvarritet"},"content":{"rendered":"<p>Vettingu n\u00eb polici ndon\u00ebse nisi pas shum\u00eb debatesh dhe pritjeje, s\u00ebrish ka ngecur pasi Komisioni i Jasht\u00ebm i Vler\u00ebsimit ende nuk ka p\u00ebrfunduar grumbullimin e gjitha dosjeve p\u00ebr efektiv\u00ebt. Filtrimi i drejtuesve t\u00eb gradave t\u00eb larta ishte parashikuar t\u00eb mbahej n\u00eb dy seanca n\u00eb jav\u00eb p\u00ebr t\u00eb kapur afatin e p\u00ebrfundimit t\u00eb rivler\u00ebsimit t\u00eb 300 drejtuesve, por vet\u00ebm n\u00eb 3 jav\u00eb jan\u00eb rivler\u00ebsuar vet\u00ebm dy efektiv\u00eb.<\/p>\n<p>P\u00ebr drejtuesin e sindikat\u00ebs s\u00eb policis\u00eb, kjo vjen p\u00ebr shkak t\u00eb bashk\u00ebpunimit me instititucionet e tjera.<\/p>\n<p><strong>\u00a0<\/strong>Sipas Sadetin Fisht\u00ebs, hedhja e shortit p\u00ebr her\u00eb t\u00eb dyt\u00eb ku Vettingu nis nga SH\u00c7BA dhe jo nga drejtori i policis\u00eb \u00ebsht\u00eb jo transparente.<\/p>\n<p><strong>\u00a0<\/strong><em>\u201cShikojm\u00eb q\u00eb ka zvarritje pasi duhej t\u00eb kishte avancuar m\u00eb shpejt. Shpresojm\u00eb t\u00eb shikojm\u00eb n\u00eb veting drejtuesit\u201d\u00a0<\/em><\/p>\n<p><em>\u00a0<\/em>Fishta gjithashtu deklaron se nga radh\u00ebt e bluve pritet t\u00eb ket\u00eb dor\u00ebheqje para daljes p\u00ebr rivler\u00ebsim.<\/p>\n<p>\u201c<em>N\u00eb dy vendimet e para shpresoj q\u00eb mor\u00ebn nj\u00eb informacion si organizohet vetingu ndaj drejtuesve t\u00eb policis\u00eb. Besoj se do t\u00eb ket\u00eb dor\u00ebheqje\u201d\u00a0<\/em>u shpreh Fishta.<\/p>\n<p>Vettingu n\u00eb polici nisi me 4 n\u00ebntor nd\u00ebrsa tashm\u00eb \u00ebsht\u00eb p\u00ebrjashtuar nga policia shefi ankesave n\u00eb SHCBA Oltion shehu, nd\u00ebrsa \u00ebsht\u00eb konfirmuar zv\/drejtori i SHCBA Adriatik Ago.<\/p>\n","protected":false},"excerpt":{"rendered":"<p>Vettingu n\u00eb polici ndon\u00ebse nisi pas shum\u00eb debatesh dhe pritjeje, s\u00ebrish ka ngecur pasi Komisioni i Jasht\u00ebm i Vler\u00ebsimit ende nuk ka p\u00ebrfunduar grumbullimin e gjitha dosjeve p\u00ebr efektiv\u00ebt. Filtrimi i drejtuesve t\u00eb gradave t\u00eb larta ishte parashikuar t\u00eb mbahej n\u00eb dy seanca n\u00eb jav\u00eb p\u00ebr t\u00eb kapur afatin e p\u00ebrfundimit t\u00eb rivler\u00ebsimit t\u00eb 300 [&hellip;]<\/p>\n","protected":false},"author":2013,"featured_media":104697,"comment_status":"open","ping_status":"closed","sticky":false,"template":"","format":"standard","meta":{"footnotes":""},"categories":[241,235],"tags":[],"class_list":{"0":"post-114521","1":"post","2":"type-post","3":"status-publish","4":"format-standard","5":"has-post-thumbnail","7":"category-aktualitet","8":"category-vendi"},"_links":{"self":[{"href":"https:\/\/zjarr.tv\/sq\/wp-json\/wp\/v2\/posts\/114521","targetHints":{"allow":["GET"]}}],"collection":[{"href":"https:\/\/zjarr.tv\/sq\/wp-json\/wp\/v2\/posts"}],"about":[{"href":"https:\/\/zjarr.tv\/sq\/wp-json\/wp\/v2\/types\/post"}],"author":[{"embeddable":true,"href":"https:\/\/zjarr.tv\/sq\/wp-json\/wp\/v2\/users\/2013"}],"replies":[{"embeddable":true,"href":"https:\/\/zjarr.tv\/sq\/wp-json\/wp\/v2\/comments?post=114521"}],"version-history":[{"count":0,"href":"https:\/\/zjarr.tv\/sq\/wp-json\/wp\/v2\/posts\/114521\/revisions"}],"wp:featuredmedia":[{"embeddable":true,"href":"https:\/\/zjarr.tv\/sq\/wp-json\/wp\/v2\/media\/104697"}],"wp:attachment":[{"href":"https:\/\/zjarr.tv\/sq\/wp-json\/wp\/v2\/media?parent=114521"}],"wp:term":[{"taxonomy":"category","embeddable":true,"href":"https:\/\/zjarr.tv\/sq\/wp-json\/wp\/v2\/categories?post=114521"},{"taxonomy":"post_tag","embeddable":true,"href":"https:\/\/zjarr.tv\/sq\/wp-json\/wp\/v2\/tags?post=114521"}],"curies":[{"name":"wp","href":"https:\/\/api.w.org\/{rel}","templated":true}]}}