{"id":114522,"date":"2019-11-18T16:38:14","date_gmt":"2019-11-18T15:38:14","guid":{"rendered":"https:\/\/zjarr.tv\/?p=114522"},"modified":"2019-11-18T16:38:14","modified_gmt":"2019-11-18T15:38:14","slug":"meta-shpall-non-grata-borschardt-in-noka-veprim-dhe-vendim-dinjitoz-prej-shtetari","status":"publish","type":"post","link":"https:\/\/zjarr.tv\/sq\/meta-shpall-non-grata-borschardt-in-noka-veprim-dhe-vendim-dinjitoz-prej-shtetari\/","title":{"rendered":"Meta shpall &#8216;non grata&#8217; Borschardt-in\/ Noka: Veprim dhe vendim dinjitoz prej shtetari"},"content":{"rendered":"<p>Ambasadori i OSBE n\u00eb Tiran\u00eb, Bernd Borchadt nuk \u00ebsht\u00eb m\u00eb i mir\u00ebpritur n\u00eb Institucionin e Presidentit.<\/p>\n<p>Lajmi u konfirmua p\u00ebrmes nj\u00eb shkrese, q\u00eb kreu i shtetit i ka d\u00ebrguar\u00a0 dit\u00ebn e sotme, Zyr\u00ebs s\u00eb Asambles\u00eb Parlamentare t\u00eb OSBE n\u00eb Kopenhagen, asaj n\u00eb Tiran\u00eb dhe Drejtoris\u00eb s\u00eb Protokollit t\u00eb Shtetit pran\u00eb MEPJ n\u00eb Tiran\u00eb.<\/p>\n<p>Lidhur me vendimin e kreut t\u00eb shtetit reagon edhe ish deputeti demokrat Flamur Noka.<\/p>\n<p>P\u00ebrmes nj\u00eb postimi n\u00eb rrjetet sociale, Noka p\u00ebrsh\u00ebndet aktin e kreut t\u00eb shtetit duke e cil\u00ebsuar si \u201cvendim dinjitoz prej shtetari\u201d.<\/p>\n<p>\u201cP\u00ebrsh\u00ebndes vendimin e Presidentit t\u00eb Republik\u00ebs p\u00ebr punonj\u00ebsin e \u201czyr\u00ebs s\u00eb shtypit t\u00eb Ram\u00ebs\u201d q\u00eb paguhet nga OSBE si ambasador.Veprim dhe vendim dinjitoz prej shtetari i Presidentit. Gishti q\u00eb ju drejtua shqiptar\u00ebve nuk mund t\u00eb p\u00ebrfaq\u00ebsoj\u00eb nj\u00eb organizat\u00eb nd\u00ebrkomb\u00ebtare prestigjioze dhe dinjitoze si OSBE\u201d, shkruan Noka n\u00eb reagimin e tij.<\/p>\n<p>\u201cZ.Bernd Boschardt, i cili vuri n\u00eb diskutim dekretin e Presidentit t\u00eb Republik\u00ebs s\u00eb Shqip\u00ebris\u00eb, SH.T.Z Ilir Meta p\u00ebr zgjedhjet vendore n\u00eb Shqip\u00ebri t\u00eb muajit qershor 2019 dhe q\u00eb publikisht i tregoi gishtin qytetar\u00ebve shqiptar\u00eb nuk \u00ebsht\u00eb m\u00eb i mir\u00ebpritur n\u00eb Institucionin e Presidentit t\u00eb Republik\u00ebs.\u201d thuhet n\u00eb letr\u00ebn q\u00eb mban dat\u00ebn 18 n\u00ebntor.<\/p>\n","protected":false},"excerpt":{"rendered":"<p>Ambasadori i OSBE n\u00eb Tiran\u00eb, Bernd Borchadt nuk \u00ebsht\u00eb m\u00eb i mir\u00ebpritur n\u00eb Institucionin e Presidentit. Lajmi u konfirmua p\u00ebrmes nj\u00eb shkrese, q\u00eb kreu i shtetit i ka d\u00ebrguar\u00a0 dit\u00ebn e sotme, Zyr\u00ebs s\u00eb Asambles\u00eb Parlamentare t\u00eb OSBE n\u00eb Kopenhagen, asaj n\u00eb Tiran\u00eb dhe Drejtoris\u00eb s\u00eb Protokollit t\u00eb Shtetit pran\u00eb MEPJ n\u00eb Tiran\u00eb. Lidhur me [&hellip;]<\/p>\n","protected":false},"author":2013,"featured_media":45772,"comment_status":"open","ping_status":"closed","sticky":false,"template":"","format":"standard","meta":{"footnotes":""},"categories":[241,235],"tags":[],"class_list":{"0":"post-114522","1":"post","2":"type-post","3":"status-publish","4":"format-standard","5":"has-post-thumbnail","7":"category-aktualitet","8":"category-vendi"},"_links":{"self":[{"href":"https:\/\/zjarr.tv\/sq\/wp-json\/wp\/v2\/posts\/114522","targetHints":{"allow":["GET"]}}],"collection":[{"href":"https:\/\/zjarr.tv\/sq\/wp-json\/wp\/v2\/posts"}],"about":[{"href":"https:\/\/zjarr.tv\/sq\/wp-json\/wp\/v2\/types\/post"}],"author":[{"embeddable":true,"href":"https:\/\/zjarr.tv\/sq\/wp-json\/wp\/v2\/users\/2013"}],"replies":[{"embeddable":true,"href":"https:\/\/zjarr.tv\/sq\/wp-json\/wp\/v2\/comments?post=114522"}],"version-history":[{"count":0,"href":"https:\/\/zjarr.tv\/sq\/wp-json\/wp\/v2\/posts\/114522\/revisions"}],"wp:featuredmedia":[{"embeddable":true,"href":"https:\/\/zjarr.tv\/sq\/wp-json\/wp\/v2\/media\/45772"}],"wp:attachment":[{"href":"https:\/\/zjarr.tv\/sq\/wp-json\/wp\/v2\/media?parent=114522"}],"wp:term":[{"taxonomy":"category","embeddable":true,"href":"https:\/\/zjarr.tv\/sq\/wp-json\/wp\/v2\/categories?post=114522"},{"taxonomy":"post_tag","embeddable":true,"href":"https:\/\/zjarr.tv\/sq\/wp-json\/wp\/v2\/tags?post=114522"}],"curies":[{"name":"wp","href":"https:\/\/api.w.org\/{rel}","templated":true}]}}