{"id":114541,"date":"2019-11-18T17:28:00","date_gmt":"2019-11-18T16:28:00","guid":{"rendered":"https:\/\/zjarr.tv\/?p=114541"},"modified":"2019-11-18T17:28:00","modified_gmt":"2019-11-18T16:28:00","slug":"respekt-per-ilir-meten-ish-deputeti-i-ps-ne-krah-te-presidentit-ambasadore-karagjoze-me-gishta-teper-skane-vend-ne-institucione","status":"publish","type":"post","link":"https:\/\/zjarr.tv\/sq\/respekt-per-ilir-meten-ish-deputeti-i-ps-ne-krah-te-presidentit-ambasadore-karagjoze-me-gishta-teper-skane-vend-ne-institucione\/","title":{"rendered":"\u201cRespekt p\u00ebr Ilir Met\u00ebn\u201d, ish-deputeti i PS n\u00eb krah t\u00eb Presidentit: Ambasador\u00eb karagjoz\u00eb me gishta tep\u00ebr s\u2019kan\u00eb vend n\u00eb institucione"},"content":{"rendered":"<p>Vendimi i Presidentit t\u00eb Republik\u00ebs Ilir Meta p\u00ebr t\u2019i mbyllur der\u00ebn ambasadorit t\u00eb OSBE-s\u00eb n\u00eb Tiran\u00eb, Bernd Borchadt ka sjell\u00eb reagime t\u00eb shumta n\u00eb sken\u00ebn politike shqiptare.<\/p>\n<div id=\"sovrn\" class=\"desktop_ad ad_bottom_space\"><\/div>\n<p>Nj\u00eb prej tyre \u00ebsht\u00eb edhe ish-deputeti i PS-s\u00eb Andis Harasani, q\u00eb edhe pse vjen nga PS q\u00eb sot \u00ebsht\u00eb vendosur kund\u00ebr Presidentit Meta, mb\u00ebshtet vendimin e tij p\u00ebr ambasadorin e OSBE.<\/p>\n<p>Harasani shkruan se ambasador\u00eb karagjoz\u00eb me gishta tep\u00ebr s\u2019kan\u00eb vend n\u00eb institucione.<br \/>\n\u201cRespekt p\u00ebr @ilirmetazyrtar!\u202c \u202aInstitucionet respektohen. Ambasadore karagjoz\u00eb me gishta tep\u00ebr s\u2019kan\u00eb vend n\u00eb institucione!\u202c\u201d, shkruan Harasani.<\/p>\n<figure id=\"attachment_1172316\" class=\"wp-caption alignnone\"><a href=\"https:\/\/balkanweb.com\/wp-content\/uploads\/2019\/11\/Harasani-fb.png\" rel=\"lightbox\"><img loading=\"lazy\" decoding=\"async\" class=\"size-full wp-image-1172316\" src=\"https:\/\/balkanweb.com\/wp-content\/uploads\/2019\/11\/Harasani-fb.png\" sizes=\"auto, (max-width: 526px) 100vw, 526px\" srcset=\"https:\/\/balkanweb.com\/wp-content\/uploads\/2019\/11\/Harasani-fb.png 526w, https:\/\/balkanweb.com\/wp-content\/uploads\/2019\/11\/Harasani-fb-400x103.png 400w, https:\/\/balkanweb.com\/wp-content\/uploads\/2019\/11\/Harasani-fb-370x95.png 370w, https:\/\/balkanweb.com\/wp-content\/uploads\/2019\/11\/Harasani-fb-113x29.png 113w\" alt=\"Harasani Fb\" width=\"526\" height=\"135\" \/><\/a><\/figure>\n","protected":false},"excerpt":{"rendered":"<p>Vendimi i Presidentit t\u00eb Republik\u00ebs Ilir Meta p\u00ebr t\u2019i mbyllur der\u00ebn ambasadorit t\u00eb OSBE-s\u00eb n\u00eb Tiran\u00eb, Bernd Borchadt ka sjell\u00eb reagime t\u00eb shumta n\u00eb sken\u00ebn politike shqiptare. Nj\u00eb prej tyre \u00ebsht\u00eb edhe ish-deputeti i PS-s\u00eb Andis Harasani, q\u00eb edhe pse vjen nga PS q\u00eb sot \u00ebsht\u00eb vendosur kund\u00ebr Presidentit Meta, mb\u00ebshtet vendimin e tij p\u00ebr [&hellip;]<\/p>\n","protected":false},"author":2013,"featured_media":114544,"comment_status":"open","ping_status":"closed","sticky":false,"template":"","format":"standard","meta":{"footnotes":""},"categories":[241,235],"tags":[],"class_list":{"0":"post-114541","1":"post","2":"type-post","3":"status-publish","4":"format-standard","5":"has-post-thumbnail","7":"category-aktualitet","8":"category-vendi"},"_links":{"self":[{"href":"https:\/\/zjarr.tv\/sq\/wp-json\/wp\/v2\/posts\/114541","targetHints":{"allow":["GET"]}}],"collection":[{"href":"https:\/\/zjarr.tv\/sq\/wp-json\/wp\/v2\/posts"}],"about":[{"href":"https:\/\/zjarr.tv\/sq\/wp-json\/wp\/v2\/types\/post"}],"author":[{"embeddable":true,"href":"https:\/\/zjarr.tv\/sq\/wp-json\/wp\/v2\/users\/2013"}],"replies":[{"embeddable":true,"href":"https:\/\/zjarr.tv\/sq\/wp-json\/wp\/v2\/comments?post=114541"}],"version-history":[{"count":0,"href":"https:\/\/zjarr.tv\/sq\/wp-json\/wp\/v2\/posts\/114541\/revisions"}],"wp:featuredmedia":[{"embeddable":true,"href":"https:\/\/zjarr.tv\/sq\/wp-json\/wp\/v2\/media\/114544"}],"wp:attachment":[{"href":"https:\/\/zjarr.tv\/sq\/wp-json\/wp\/v2\/media?parent=114541"}],"wp:term":[{"taxonomy":"category","embeddable":true,"href":"https:\/\/zjarr.tv\/sq\/wp-json\/wp\/v2\/categories?post=114541"},{"taxonomy":"post_tag","embeddable":true,"href":"https:\/\/zjarr.tv\/sq\/wp-json\/wp\/v2\/tags?post=114541"}],"curies":[{"name":"wp","href":"https:\/\/api.w.org\/{rel}","templated":true}]}}