{"id":114545,"date":"2019-11-18T17:28:52","date_gmt":"2019-11-18T16:28:52","guid":{"rendered":"https:\/\/zjarr.tv\/?p=114545"},"modified":"2019-11-18T17:28:52","modified_gmt":"2019-11-18T16:28:52","slug":"meta-pret-delegacionin-e-nivelit-te-larte-te-asamblese-parlamentare-te-osbe-kerkesat-e-bundestagut-harta-e-vetme-e-rruges-per-shqiperine","status":"publish","type":"post","link":"https:\/\/zjarr.tv\/sq\/meta-pret-delegacionin-e-nivelit-te-larte-te-asamblese-parlamentare-te-osbe-kerkesat-e-bundestagut-harta-e-vetme-e-rruges-per-shqiperine\/","title":{"rendered":"Meta pret delegacionin e nivelit t\u00eb lart\u00eb t\u00eb Asambles\u00eb Parlamentare t\u00eb OSBE: K\u00ebrkesat e Bundestagut, harta e vetme e rrug\u00ebs p\u00ebr Shqip\u00ebrin\u00eb"},"content":{"rendered":"<p>Presidenti i Republik\u00ebs, Ilir Meta priti sot n\u00eb nj\u00eb takim nj\u00eb delegacion t\u00eb nivelit t\u00eb lart\u00eb t\u00eb Asambles\u00eb Parlamentare t\u00eb OSBE-s\u00eb, t\u00eb kryesuar nga Presidenti i Asambles\u00eb, George Tsereteli, dhe Sekretari i P\u00ebrgjithsh\u00ebm, Roberto Montella.<\/p>\n<p>Kreu i Shtetit fal\u00ebnderoi Asamblen\u00eb Parlamentare t\u00eb OSBE-s\u00eb p\u00ebr mb\u00ebshtetjen q\u00eb ka dh\u00ebn\u00eb nd\u00ebr vite p\u00ebr forcimin e shtetit ligjor dhe institucioneve demokratike t\u00eb vendit, duke k\u00ebrkuar nj\u00ebkoh\u00ebsisht v\u00ebmendje dhe angazhim edhe n\u00eb t\u00eb ardhmen n\u00eb ruajtjen dhe forcimin e vlerave q\u00eb Organizata dhe shtetet pjes\u00ebmarr\u00ebse mish\u00ebrojn\u00eb.<\/p>\n<p>Duke iu p\u00ebrgjigjur interesimit p\u00ebr situat\u00ebn politike n\u00eb vend, Presidenti Meta theksoi me forc\u00eb domosdoshm\u00ebrin\u00eb e zbatimit t\u00eb reform\u00ebs n\u00eb drejt\u00ebsi vet\u00ebm sipas Kushtetut\u00ebs s\u00eb miratuar me konsensus tre vite m\u00eb par\u00eb.<\/p>\n<div id=\"pa_1x1_psbk_1574094510211\"><\/div>\n<div class=\"galery-slider\">\n<ul class=\"slides\">\n<li class=\"flex-slider-item flex-active-slide\" data-thumb-alt=\"\"><a href=\"https:\/\/balkanweb.com\/wp-content\/uploads\/2019\/11\/Meta-Asamblejae-OSBE-2.jpeg\" rel=\"lightbox\"><img decoding=\"async\" draggable=\"false\" src=\"https:\/\/balkanweb.com\/wp-content\/uploads\/2019\/11\/Meta-Asamblejae-OSBE-2.jpeg\" alt=\"foto galeri \" \/><\/a><\/li>\n<li class=\"flex-slider-item\" data-thumb-alt=\"\"><a href=\"https:\/\/balkanweb.com\/wp-content\/uploads\/2019\/11\/Meta-Asamblejae-OSBE-1.jpeg\" rel=\"lightbox\"><img decoding=\"async\" draggable=\"false\" src=\"https:\/\/balkanweb.com\/wp-content\/uploads\/2019\/11\/Meta-Asamblejae-OSBE-1.jpeg\" alt=\"foto galeri \" \/><\/a><\/li>\n<\/ul>\n<\/div>\n<p>N\u00eb lidhje me procesin e integrimit europian t\u00eb Shqip\u00ebris\u00eb dhe rajonit, Kreu i Shtetit vler\u00ebsoi angazhimin e sinqert\u00eb t\u00eb t\u00eb gjitha vendeve an\u00ebtare t\u00eb BE-s\u00eb p\u00ebr t\u00eb mb\u00ebshtetur procesin e integrimit evropian t\u00eb Shqip\u00ebris\u00eb dhe Maqedonis\u00eb s\u00eb Veriut.<\/p>\n<p>\u201cShqip\u00ebria dhe Maqedonia e Veriut do t\u00eb jen\u00eb p\u00ebrs\u00ebri objekt shqyrtimi n\u00eb Samitin e Zagrebit q\u00eb do t\u00eb zhvillohet n\u00eb maj t\u00eb vitit 2020 dhe, n\u00eb k\u00ebto 6 muaj, 9 k\u00ebrkesat e Bundestagut duhet t\u00eb sh\u00ebrbejn\u00eb si harta e vetme e rrug\u00ebs p\u00ebr Shqip\u00ebrin\u00eb q\u00eb mund t\u00eb \u00e7oj\u00eb n\u00eb nj\u00eb vendim pozitiv p\u00ebr \u00e7eljen e negociatave t\u00eb an\u00ebtar\u00ebsimit me BE-n\u00eb\u201d, theksoi Presidenti i RMeta.<\/p>\n<p>N\u00eb lidhje me Kryesimin nga Shqip\u00ebria t\u00eb OSBE-s\u00eb p\u00ebr vitin 2020, Presidenti Meta u shpreh se, Shqip\u00ebria ka mund\u00ebsin\u00eb q\u00eb t\u00eb jap\u00eb nj\u00eb kontribut thelb\u00ebsor p\u00ebr Organizat\u00ebn.<\/p>\n","protected":false},"excerpt":{"rendered":"<p>Presidenti i Republik\u00ebs, Ilir Meta priti sot n\u00eb nj\u00eb takim nj\u00eb delegacion t\u00eb nivelit t\u00eb lart\u00eb t\u00eb Asambles\u00eb Parlamentare t\u00eb OSBE-s\u00eb, t\u00eb kryesuar nga Presidenti i Asambles\u00eb, George Tsereteli, dhe Sekretari i P\u00ebrgjithsh\u00ebm, Roberto Montella. Kreu i Shtetit fal\u00ebnderoi Asamblen\u00eb Parlamentare t\u00eb OSBE-s\u00eb p\u00ebr mb\u00ebshtetjen q\u00eb ka dh\u00ebn\u00eb nd\u00ebr vite p\u00ebr forcimin e shtetit ligjor [&hellip;]<\/p>\n","protected":false},"author":2013,"featured_media":114547,"comment_status":"open","ping_status":"closed","sticky":false,"template":"","format":"standard","meta":{"footnotes":""},"categories":[241,235],"tags":[],"class_list":{"0":"post-114545","1":"post","2":"type-post","3":"status-publish","4":"format-standard","5":"has-post-thumbnail","7":"category-aktualitet","8":"category-vendi"},"_links":{"self":[{"href":"https:\/\/zjarr.tv\/sq\/wp-json\/wp\/v2\/posts\/114545","targetHints":{"allow":["GET"]}}],"collection":[{"href":"https:\/\/zjarr.tv\/sq\/wp-json\/wp\/v2\/posts"}],"about":[{"href":"https:\/\/zjarr.tv\/sq\/wp-json\/wp\/v2\/types\/post"}],"author":[{"embeddable":true,"href":"https:\/\/zjarr.tv\/sq\/wp-json\/wp\/v2\/users\/2013"}],"replies":[{"embeddable":true,"href":"https:\/\/zjarr.tv\/sq\/wp-json\/wp\/v2\/comments?post=114545"}],"version-history":[{"count":0,"href":"https:\/\/zjarr.tv\/sq\/wp-json\/wp\/v2\/posts\/114545\/revisions"}],"wp:featuredmedia":[{"embeddable":true,"href":"https:\/\/zjarr.tv\/sq\/wp-json\/wp\/v2\/media\/114547"}],"wp:attachment":[{"href":"https:\/\/zjarr.tv\/sq\/wp-json\/wp\/v2\/media?parent=114545"}],"wp:term":[{"taxonomy":"category","embeddable":true,"href":"https:\/\/zjarr.tv\/sq\/wp-json\/wp\/v2\/categories?post=114545"},{"taxonomy":"post_tag","embeddable":true,"href":"https:\/\/zjarr.tv\/sq\/wp-json\/wp\/v2\/tags?post=114545"}],"curies":[{"name":"wp","href":"https:\/\/api.w.org\/{rel}","templated":true}]}}