{"id":114748,"date":"2019-11-20T13:38:11","date_gmt":"2019-11-20T12:38:11","guid":{"rendered":"https:\/\/zjarr.tv\/?p=114748"},"modified":"2019-11-20T13:38:11","modified_gmt":"2019-11-20T12:38:11","slug":"gomone-e-shpuar-balla-i-pergjigjet-berishes-marsida-xhaferllari-nuk-mund-te-jete-anetare-e-gjykates-kushtetuese","status":"publish","type":"post","link":"https:\/\/zjarr.tv\/sq\/gomone-e-shpuar-balla-i-pergjigjet-berishes-marsida-xhaferllari-nuk-mund-te-jete-anetare-e-gjykates-kushtetuese\/","title":{"rendered":"\u201cGomone e shpuar\u201d, Balla i p\u00ebrgjigjet Berish\u00ebs: Marsida Xhaferllari nuk mund t\u00eb jet\u00eb an\u00ebtare e Gjykat\u00ebs Kushtetuese"},"content":{"rendered":"<p>Numri dy i PS, Taulant Balla, ka reaguar pas akuzave t\u00eb ashpra t\u00eb ish-kryeministrit Sali Berisha se mazhoranca po kap edhe Gjykat\u00ebn Kushtetuese. Kreu i Grupit t\u00eb PS e cil\u00ebsoi Berish\u00ebn nj\u00eb \u201cgomone t\u00eb shpuar\u201d, q\u00eb sipas tij, pretendon se shp\u00ebtoi Ilir Meta.<\/p>\n<p>\u201cNuk dua t\u00eb b\u00ebj komente p\u00ebr gomone t\u00eb shpuara, ku pretendon se shp\u00ebtoi Ilir Meta\u201d, tha Balla.<\/p>\n<p>Nd\u00ebrkoh\u00eb, ai p\u00ebrs\u00ebriti edhe nj\u00ebher\u00eb se Marsida Xhaferllari nuk mund t\u00eb jet\u00eb an\u00ebtare e Gjykat\u00ebs Kushtetuese, edhe pse \u00ebsht\u00eb dekretuar nga Presidenti Meta.<\/p>\n<p>\u201cMarsida Xhaferllari nuk mund t\u00eb jet\u00eb an\u00ebtare e Gjykat\u00ebs Kushtetuese, sepse nuk \u00ebsht\u00eb em\u00ebruar n\u00eb at\u00eb pozicion sipas Kushtetut\u00ebs. Dekreti i Presidentit p\u00ebr em\u00ebrimin e Xhaferllarit konsiderohet nga Kuvendi i paligjsh\u00ebm, sipas rezolut\u00ebs s\u00eb miratuar nga Kuvendi\u201d, u shpreh ai.<\/p>\n","protected":false},"excerpt":{"rendered":"<p>Numri dy i PS, Taulant Balla, ka reaguar pas akuzave t\u00eb ashpra t\u00eb ish-kryeministrit Sali Berisha se mazhoranca po kap edhe Gjykat\u00ebn Kushtetuese. Kreu i Grupit t\u00eb PS e cil\u00ebsoi Berish\u00ebn nj\u00eb \u201cgomone t\u00eb shpuar\u201d, q\u00eb sipas tij, pretendon se shp\u00ebtoi Ilir Meta. \u201cNuk dua t\u00eb b\u00ebj komente p\u00ebr gomone t\u00eb shpuara, ku pretendon se [&hellip;]<\/p>\n","protected":false},"author":2013,"featured_media":69064,"comment_status":"open","ping_status":"closed","sticky":false,"template":"","format":"standard","meta":{"footnotes":""},"categories":[241,235],"tags":[],"class_list":{"0":"post-114748","1":"post","2":"type-post","3":"status-publish","4":"format-standard","5":"has-post-thumbnail","7":"category-aktualitet","8":"category-vendi"},"_links":{"self":[{"href":"https:\/\/zjarr.tv\/sq\/wp-json\/wp\/v2\/posts\/114748","targetHints":{"allow":["GET"]}}],"collection":[{"href":"https:\/\/zjarr.tv\/sq\/wp-json\/wp\/v2\/posts"}],"about":[{"href":"https:\/\/zjarr.tv\/sq\/wp-json\/wp\/v2\/types\/post"}],"author":[{"embeddable":true,"href":"https:\/\/zjarr.tv\/sq\/wp-json\/wp\/v2\/users\/2013"}],"replies":[{"embeddable":true,"href":"https:\/\/zjarr.tv\/sq\/wp-json\/wp\/v2\/comments?post=114748"}],"version-history":[{"count":0,"href":"https:\/\/zjarr.tv\/sq\/wp-json\/wp\/v2\/posts\/114748\/revisions"}],"wp:featuredmedia":[{"embeddable":true,"href":"https:\/\/zjarr.tv\/sq\/wp-json\/wp\/v2\/media\/69064"}],"wp:attachment":[{"href":"https:\/\/zjarr.tv\/sq\/wp-json\/wp\/v2\/media?parent=114748"}],"wp:term":[{"taxonomy":"category","embeddable":true,"href":"https:\/\/zjarr.tv\/sq\/wp-json\/wp\/v2\/categories?post=114748"},{"taxonomy":"post_tag","embeddable":true,"href":"https:\/\/zjarr.tv\/sq\/wp-json\/wp\/v2\/tags?post=114748"}],"curies":[{"name":"wp","href":"https:\/\/api.w.org\/{rel}","templated":true}]}}