{"id":114755,"date":"2019-11-20T13:52:17","date_gmt":"2019-11-20T12:52:17","guid":{"rendered":"https:\/\/zjarr.tv\/?p=114755"},"modified":"2019-11-20T13:52:17","modified_gmt":"2019-11-20T12:52:17","slug":"ambasada-amerikane-shba-e-perkushtuar-qe-te-ndimoje-shqiperine-ne-forcimin-e-shtetit-ligjor","status":"publish","type":"post","link":"https:\/\/zjarr.tv\/sq\/ambasada-amerikane-shba-e-perkushtuar-qe-te-ndimoje-shqiperine-ne-forcimin-e-shtetit-ligjor\/","title":{"rendered":"Ambasada Amerikane: SHBA e p\u00ebrkushtuar q\u00eb t\u00eb ndimoj\u00eb Shqip\u00ebrin\u00eb n\u00eb forcimin e shtetit ligjor"},"content":{"rendered":"<p>\u201cAmerika \u00ebsht\u00eb e p\u00ebrkushtuar ta ndihmoj\u00eb Shqip\u00ebrin\u00eb n\u00eb forcimin e shtetit ligjor dhe qeverisjes s\u00eb saj\u201d. Ky ka qen\u00eb mesazhi i qart\u00eb i t\u00eb Ngarkuar\u00ebs me Pun\u00eb, Leyla Moses-Ones n\u00eb nj\u00eb aktivitet p\u00ebr fuqizimin ekonomik e personave me aft\u00ebsi t\u00eb kufizuar.<\/p>\n<p>Mes t\u00eb tjerash zyrtarja amerikane theksoi se Amerika \u00ebsht\u00eb e vendosur t\u00eb ndihmoj\u00eb n\u00eb krijimin e kushteve p\u00ebr nj\u00eb rritje ekonomike gjith\u00ebp\u00ebrfshir\u00ebse n\u00eb Shqip\u00ebri.<\/p>\n<div id=\"pa_1x1_psbk_1574254286347\"><\/div>\n<p>\u201c\ud83c\udde6\ud83c\uddf1\ufe0f | \u201cQeveria e Shteteve t\u00eb Bashkuara, p\u00ebrmes USAID-it, mb\u00ebshteti projektin EEPD sepse Amerika \u00ebsht\u00eb e p\u00ebrkushtuar ta ndihmoj\u00eb Shqip\u00ebrin\u00eb n\u00eb forcimin e shtetit ligjor dhe qeverisjes s\u00eb saj, dhe Amerika \u00ebsht\u00eb e vendosur t\u00eb ndihmoj\u00eb n\u00eb krijimin e kushteve p\u00ebr nj\u00eb rritje ekonomike gjith\u00ebp\u00ebrfshir\u00ebse n\u00eb Shqip\u00ebri. Ky angazhim p\u00ebr Shqip\u00ebrin\u00eb pasqyron gjithashtu disa ligje amerikane, t\u00eb cilat urdh\u00ebrojn\u00eb q\u00eb personat me aft\u00ebsi t\u00eb kufizuara t\u00eb jen\u00eb n\u00eb gjendje t\u00eb punojn\u00eb n\u00eb m\u00ebnyr\u00eb t\u00eb barabart\u00eb me an\u00ebtar\u00ebt e tjer\u00eb t\u00eb shoq\u00ebris\u00eb, n\u00eb nj\u00eb mjedis t\u00eb hapur dhe gjith\u00ebp\u00ebrfshir\u00ebs. K\u00ebto jan\u00eb edhe t\u00eb drejta themelore t\u00eb njeriut, t\u00eb cilat SHBA i p\u00ebrqafon dhe nxit dhe q\u00eb Shqip\u00ebria i bashk\u00ebndan\u201d. E Ngarkuara me Pun\u00eb, a.i. Leyla Moses-Ones n\u00eb aktivitetin p\u00ebrmbyll\u00ebs t\u00eb projektit \u201cFuqizimi Ekonomik i Njer\u00ebzve me Aft\u00ebsi t\u00eb Kufizuara\u201d i Fondacionit Shqiptar p\u00ebr t\u00eb Drejtat e Personave me Aft\u00ebsi t\u00eb Kufizuar\u201d, thuhet n\u00eb mesazhin e Leyla Moses-Ones, t\u00eb cilin ambasada e ka publikuar n\u00eb faqen e saj zyrtare n\u00eb \u2018Facebook\u2019.<\/p>\n","protected":false},"excerpt":{"rendered":"<p>\u201cAmerika \u00ebsht\u00eb e p\u00ebrkushtuar ta ndihmoj\u00eb Shqip\u00ebrin\u00eb n\u00eb forcimin e shtetit ligjor dhe qeverisjes s\u00eb saj\u201d. Ky ka qen\u00eb mesazhi i qart\u00eb i t\u00eb Ngarkuar\u00ebs me Pun\u00eb, Leyla Moses-Ones n\u00eb nj\u00eb aktivitet p\u00ebr fuqizimin ekonomik e personave me aft\u00ebsi t\u00eb kufizuar. Mes t\u00eb tjerash zyrtarja amerikane theksoi se Amerika \u00ebsht\u00eb e vendosur t\u00eb ndihmoj\u00eb n\u00eb [&hellip;]<\/p>\n","protected":false},"author":2013,"featured_media":114757,"comment_status":"open","ping_status":"closed","sticky":false,"template":"","format":"standard","meta":{"footnotes":""},"categories":[241,235],"tags":[],"class_list":{"0":"post-114755","1":"post","2":"type-post","3":"status-publish","4":"format-standard","5":"has-post-thumbnail","7":"category-aktualitet","8":"category-vendi"},"_links":{"self":[{"href":"https:\/\/zjarr.tv\/sq\/wp-json\/wp\/v2\/posts\/114755","targetHints":{"allow":["GET"]}}],"collection":[{"href":"https:\/\/zjarr.tv\/sq\/wp-json\/wp\/v2\/posts"}],"about":[{"href":"https:\/\/zjarr.tv\/sq\/wp-json\/wp\/v2\/types\/post"}],"author":[{"embeddable":true,"href":"https:\/\/zjarr.tv\/sq\/wp-json\/wp\/v2\/users\/2013"}],"replies":[{"embeddable":true,"href":"https:\/\/zjarr.tv\/sq\/wp-json\/wp\/v2\/comments?post=114755"}],"version-history":[{"count":0,"href":"https:\/\/zjarr.tv\/sq\/wp-json\/wp\/v2\/posts\/114755\/revisions"}],"wp:featuredmedia":[{"embeddable":true,"href":"https:\/\/zjarr.tv\/sq\/wp-json\/wp\/v2\/media\/114757"}],"wp:attachment":[{"href":"https:\/\/zjarr.tv\/sq\/wp-json\/wp\/v2\/media?parent=114755"}],"wp:term":[{"taxonomy":"category","embeddable":true,"href":"https:\/\/zjarr.tv\/sq\/wp-json\/wp\/v2\/categories?post=114755"},{"taxonomy":"post_tag","embeddable":true,"href":"https:\/\/zjarr.tv\/sq\/wp-json\/wp\/v2\/tags?post=114755"}],"curies":[{"name":"wp","href":"https:\/\/api.w.org\/{rel}","templated":true}]}}