{"id":114759,"date":"2019-11-20T13:53:37","date_gmt":"2019-11-20T12:53:37","guid":{"rendered":"https:\/\/zjarr.tv\/?p=114759"},"modified":"2019-11-20T13:53:37","modified_gmt":"2019-11-20T12:53:37","slug":"siguria-kibernetike-mediu-me-zyrtare-te-larte-amerikane-takime-ne-malin-e-zi","status":"publish","type":"post","link":"https:\/\/zjarr.tv\/sq\/siguria-kibernetike-mediu-me-zyrtare-te-larte-amerikane-takime-ne-malin-e-zi\/","title":{"rendered":"\u2018Siguria kibernetike\u2019, Mediu me zyrtar\u00eb t\u00eb lart\u00eb amerikan\u00eb takime ne Malin e Zi"},"content":{"rendered":"<p>Kreu i Partis\u00eb Republikane Fatmir Mediu ka b\u00ebr\u00eb publike gjat\u00eb dit\u00ebs s\u00eb sotme nj\u00eb vizit\u00eb q\u00eb ka zhvilluar n\u00eb Malin e Zi.<\/p>\n<p>\u201cBashk\u00eb me Gjeneralin Jim Jones, Ish Komandanti Suprem i NATOs, K\u00ebshilltari p\u00ebr Sigurin\u00eb i SHBA, John Lord Zv\/President i Jones Group, zhvilluam nj\u00eb vizit\u00eb n\u00eb Malin e Zi\u201d, shkruan Mediu. \u00a0Atje jan\u00eb zhvilluar takime me: Presidentin Milo Djukanovic, Kryeministrin Dushko Markovic, Kryetarin e Parlamentit Ivan Brajovi\u00e7, Zv\/Kryetarin Branimir Gvozdenovi\u00e7.<\/p>\n<p>Sipas kreut republikan shqiptar, \u201cdiskutimet u p\u00ebrq\u00ebndruan n\u00eb t\u00eb ardhmen e NATOs, si Aleanca m\u00eb e fuqishme politiko-ushtarake,<\/p>\n<p>Iniciativa e 3 Deteve, Siguria kibernetike, dhe n\u00eb m\u00ebnyr\u00eb t\u00eb ve\u00e7ant\u00eb rrjeti 5G, sfidat e siguris\u00eb dhe rreziqet q\u00eb vijn\u00eb nga kontrrolli i k\u00ebtij rrjeti, prej Shteteve si Kina\u201d.<\/p>\n<p>&#8220;Liria nuk \u00ebsht\u00eb p\u00ebr shitje dhe Siguria nuk \u00ebsht\u00eb e lir\u00eb&#8221;.<\/p>\n","protected":false},"excerpt":{"rendered":"<p>Kreu i Partis\u00eb Republikane Fatmir Mediu ka b\u00ebr\u00eb publike gjat\u00eb dit\u00ebs s\u00eb sotme nj\u00eb vizit\u00eb q\u00eb ka zhvilluar n\u00eb Malin e Zi. \u201cBashk\u00eb me Gjeneralin Jim Jones, Ish Komandanti Suprem i NATOs, K\u00ebshilltari p\u00ebr Sigurin\u00eb i SHBA, John Lord Zv\/President i Jones Group, zhvilluam nj\u00eb vizit\u00eb n\u00eb Malin e Zi\u201d, shkruan Mediu. \u00a0Atje jan\u00eb zhvilluar [&hellip;]<\/p>\n","protected":false},"author":2013,"featured_media":114760,"comment_status":"open","ping_status":"closed","sticky":false,"template":"","format":"standard","meta":{"footnotes":""},"categories":[241,235],"tags":[],"class_list":{"0":"post-114759","1":"post","2":"type-post","3":"status-publish","4":"format-standard","5":"has-post-thumbnail","7":"category-aktualitet","8":"category-vendi"},"_links":{"self":[{"href":"https:\/\/zjarr.tv\/sq\/wp-json\/wp\/v2\/posts\/114759","targetHints":{"allow":["GET"]}}],"collection":[{"href":"https:\/\/zjarr.tv\/sq\/wp-json\/wp\/v2\/posts"}],"about":[{"href":"https:\/\/zjarr.tv\/sq\/wp-json\/wp\/v2\/types\/post"}],"author":[{"embeddable":true,"href":"https:\/\/zjarr.tv\/sq\/wp-json\/wp\/v2\/users\/2013"}],"replies":[{"embeddable":true,"href":"https:\/\/zjarr.tv\/sq\/wp-json\/wp\/v2\/comments?post=114759"}],"version-history":[{"count":0,"href":"https:\/\/zjarr.tv\/sq\/wp-json\/wp\/v2\/posts\/114759\/revisions"}],"wp:featuredmedia":[{"embeddable":true,"href":"https:\/\/zjarr.tv\/sq\/wp-json\/wp\/v2\/media\/114760"}],"wp:attachment":[{"href":"https:\/\/zjarr.tv\/sq\/wp-json\/wp\/v2\/media?parent=114759"}],"wp:term":[{"taxonomy":"category","embeddable":true,"href":"https:\/\/zjarr.tv\/sq\/wp-json\/wp\/v2\/categories?post=114759"},{"taxonomy":"post_tag","embeddable":true,"href":"https:\/\/zjarr.tv\/sq\/wp-json\/wp\/v2\/tags?post=114759"}],"curies":[{"name":"wp","href":"https:\/\/api.w.org\/{rel}","templated":true}]}}