{"id":114764,"date":"2019-11-20T14:34:07","date_gmt":"2019-11-20T13:34:07","guid":{"rendered":"https:\/\/zjarr.tv\/?p=114764"},"modified":"2019-11-20T14:34:07","modified_gmt":"2019-11-20T13:34:07","slug":"voltana-ademi-zbulon-si-diskriminohet-shkodra-ka-vite-qe-nuk-marrim-financime-fondi-ne-duart-e-rames","status":"publish","type":"post","link":"https:\/\/zjarr.tv\/sq\/voltana-ademi-zbulon-si-diskriminohet-shkodra-ka-vite-qe-nuk-marrim-financime-fondi-ne-duart-e-rames\/","title":{"rendered":"Voltana Ademi zbulon si diskriminohet Shkodra: Ka vite q\u00eb nuk marrim financime, Fondi n\u00eb duart e Ram\u00ebs"},"content":{"rendered":"<p>Kryetarja e Bashkis\u00eb s\u00eb Shkodr\u00ebs, Voltana Ademi, pasi ka hedhur posht\u00eb si g\u00ebnjeshtra dhe demagogji, pretendimet e Ulsi Manj\u00ebs, kreut t\u00eb Komisionit t\u00eb Medias, ka deklaruar qart\u00ebsisht se ajo nuk ishte e ftuar n\u00eb komision p\u00ebr t\u00eb diskutuar projektbuxhetin e vitit 2020 p\u00ebr Shkodr\u00ebn.<\/p>\n<p>\u201cE v\u00ebrteta \u00ebsht\u00eb nj\u00eb dhe e vetme: Voltana Ademi nuk \u00ebsht\u00eb ftuar n\u00eb mbledhjen e Komisionit t\u00eb Ligjeve!\u201d theksoi Ademi dhe n\u00eb nj\u00eb intervist\u00eb p\u00ebr SYRI.TV, zbuloi t\u00eb v\u00ebrteta t\u00eb hidhura q\u00eb fshihehin q\u00ebllimisht nga Manja.<\/p>\n<p>E pyetur se si jan\u00eb marr\u00ebdh\u00ebniet e bashkis\u00eb s\u00eb Shkodr\u00ebs me institucionet shtet\u00ebrore, Voltana Ademi tha:<\/p>\n<div id=\"rekl-13\">\n<div id=\"__sap-ad-15\" class=\"__sap-ads __sap-html tracked\" data-title=\"Credins desktop 08\"><ins><\/p>\n<div id=\"beacon_44321fcb05\"><\/div>\n<p><\/ins><\/div>\n<\/div>\n<p>\u201cProblematika e investimeve tashm\u00eb dihet. Ne kemi disa vite q\u00eb nuk marrim financimee nga Fondi i Zhvillimit t\u00eb Rajoneve, por kemi marr\u00eb fonde t\u00eb huaja nga donacione nd\u00ebrkomb\u00ebtare.<\/p>\n<p>Nga qeveria nuk kemi p\u00ebrfituar fonde mb\u00ebshtet\u00ebse. I gjith\u00eb fondi i investimeve zhvillohet nga nj\u00eb dor\u00eb, nga kryeministri.<\/p>\n<p>Ndaj sikurse e pam\u00eb m\u00eb 30 qershor administrimin e procesit zgjedhor, buxheti i Shkodr\u00ebs nuk do ta mbuloj\u00eb k\u00ebrkes\u00ebn p\u00ebr investime n\u00eb Shkod\u00ebr. \u201c<\/p>\n","protected":false},"excerpt":{"rendered":"<p>Kryetarja e Bashkis\u00eb s\u00eb Shkodr\u00ebs, Voltana Ademi, pasi ka hedhur posht\u00eb si g\u00ebnjeshtra dhe demagogji, pretendimet e Ulsi Manj\u00ebs, kreut t\u00eb Komisionit t\u00eb Medias, ka deklaruar qart\u00ebsisht se ajo nuk ishte e ftuar n\u00eb komision p\u00ebr t\u00eb diskutuar projektbuxhetin e vitit 2020 p\u00ebr Shkodr\u00ebn. \u201cE v\u00ebrteta \u00ebsht\u00eb nj\u00eb dhe e vetme: Voltana Ademi nuk \u00ebsht\u00eb [&hellip;]<\/p>\n","protected":false},"author":2013,"featured_media":54162,"comment_status":"open","ping_status":"closed","sticky":false,"template":"","format":"standard","meta":{"footnotes":""},"categories":[241,235],"tags":[],"class_list":{"0":"post-114764","1":"post","2":"type-post","3":"status-publish","4":"format-standard","5":"has-post-thumbnail","7":"category-aktualitet","8":"category-vendi"},"_links":{"self":[{"href":"https:\/\/zjarr.tv\/sq\/wp-json\/wp\/v2\/posts\/114764","targetHints":{"allow":["GET"]}}],"collection":[{"href":"https:\/\/zjarr.tv\/sq\/wp-json\/wp\/v2\/posts"}],"about":[{"href":"https:\/\/zjarr.tv\/sq\/wp-json\/wp\/v2\/types\/post"}],"author":[{"embeddable":true,"href":"https:\/\/zjarr.tv\/sq\/wp-json\/wp\/v2\/users\/2013"}],"replies":[{"embeddable":true,"href":"https:\/\/zjarr.tv\/sq\/wp-json\/wp\/v2\/comments?post=114764"}],"version-history":[{"count":0,"href":"https:\/\/zjarr.tv\/sq\/wp-json\/wp\/v2\/posts\/114764\/revisions"}],"wp:featuredmedia":[{"embeddable":true,"href":"https:\/\/zjarr.tv\/sq\/wp-json\/wp\/v2\/media\/54162"}],"wp:attachment":[{"href":"https:\/\/zjarr.tv\/sq\/wp-json\/wp\/v2\/media?parent=114764"}],"wp:term":[{"taxonomy":"category","embeddable":true,"href":"https:\/\/zjarr.tv\/sq\/wp-json\/wp\/v2\/categories?post=114764"},{"taxonomy":"post_tag","embeddable":true,"href":"https:\/\/zjarr.tv\/sq\/wp-json\/wp\/v2\/tags?post=114764"}],"curies":[{"name":"wp","href":"https:\/\/api.w.org\/{rel}","templated":true}]}}