{"id":114828,"date":"2019-11-20T15:47:01","date_gmt":"2019-11-20T14:47:01","guid":{"rendered":"https:\/\/zjarr.tv\/?p=114828"},"modified":"2019-11-20T15:47:01","modified_gmt":"2019-11-20T14:47:01","slug":"ne-22-nentor-mblidhet-komisioni-hetimor-per-shkarkimin-e-metes","status":"publish","type":"post","link":"https:\/\/zjarr.tv\/sq\/ne-22-nentor-mblidhet-komisioni-hetimor-per-shkarkimin-e-metes\/","title":{"rendered":"N\u00eb 22 n\u00ebntor mblidhet Komisioni Hetimor p\u00ebr shkarkimin e Met\u00ebs"},"content":{"rendered":"<p>N\u00eb 22 n\u00ebntor n\u00eb or\u00ebn 11:00 do t\u00eb mblidhet Komisioni Hetimor p\u00ebr shkarkimin e Presidentit, Ilir Meta.<\/p>\n<p>Komisioni do t\u00eb mblidhet p\u00ebr t\u00eb shqyrtuar raporton q\u00eb do i d\u00ebrgohet Kuvendit.<\/p>\n<p>M\u00eb dat\u00eb 9 shtator p\u00ebr m\u00eb shum\u00eb se 2 or\u00eb, presidenti, Ilir Meta \u00a0raportoi para Komisionit Hetimor t\u00eb ngritur nga socialist\u00ebt p\u00ebr shkarkimin e tij, lidhur me dekretin e l\u00ebshuar prej tij p\u00ebr anulimin e zgjedhjeve dhe dekretin e dyt\u00eb p\u00ebr nj\u00eb pal\u00eb zgjedhje t\u00eb reja m\u00eb 13 tetor.<\/p>\n<p>Kreu i shtetit u shpreh se vendimi p\u00ebr anulimin e zgjedhjeve, dhe shoq\u00ebrimi me dekret, \u00ebsht\u00eb b\u00ebr\u00eb pasi ka pasur informacione sekrete dhe t\u00eb kualifikuara, se n\u00eb protest\u00ebn e 8 qershorit, disa persona do t\u00eb digjnin godin\u00ebn e Parlamentit.<\/p>\n","protected":false},"excerpt":{"rendered":"<p>N\u00eb 22 n\u00ebntor n\u00eb or\u00ebn 11:00 do t\u00eb mblidhet Komisioni Hetimor p\u00ebr shkarkimin e Presidentit, Ilir Meta. Komisioni do t\u00eb mblidhet p\u00ebr t\u00eb shqyrtuar raporton q\u00eb do i d\u00ebrgohet Kuvendit. M\u00eb dat\u00eb 9 shtator p\u00ebr m\u00eb shum\u00eb se 2 or\u00eb, presidenti, Ilir Meta \u00a0raportoi para Komisionit Hetimor t\u00eb ngritur nga socialist\u00ebt p\u00ebr shkarkimin e tij, [&hellip;]<\/p>\n","protected":false},"author":2013,"featured_media":114863,"comment_status":"open","ping_status":"closed","sticky":false,"template":"","format":"standard","meta":{"footnotes":""},"categories":[241,235],"tags":[],"class_list":{"0":"post-114828","1":"post","2":"type-post","3":"status-publish","4":"format-standard","5":"has-post-thumbnail","7":"category-aktualitet","8":"category-vendi"},"_links":{"self":[{"href":"https:\/\/zjarr.tv\/sq\/wp-json\/wp\/v2\/posts\/114828","targetHints":{"allow":["GET"]}}],"collection":[{"href":"https:\/\/zjarr.tv\/sq\/wp-json\/wp\/v2\/posts"}],"about":[{"href":"https:\/\/zjarr.tv\/sq\/wp-json\/wp\/v2\/types\/post"}],"author":[{"embeddable":true,"href":"https:\/\/zjarr.tv\/sq\/wp-json\/wp\/v2\/users\/2013"}],"replies":[{"embeddable":true,"href":"https:\/\/zjarr.tv\/sq\/wp-json\/wp\/v2\/comments?post=114828"}],"version-history":[{"count":0,"href":"https:\/\/zjarr.tv\/sq\/wp-json\/wp\/v2\/posts\/114828\/revisions"}],"wp:featuredmedia":[{"embeddable":true,"href":"https:\/\/zjarr.tv\/sq\/wp-json\/wp\/v2\/media\/114863"}],"wp:attachment":[{"href":"https:\/\/zjarr.tv\/sq\/wp-json\/wp\/v2\/media?parent=114828"}],"wp:term":[{"taxonomy":"category","embeddable":true,"href":"https:\/\/zjarr.tv\/sq\/wp-json\/wp\/v2\/categories?post=114828"},{"taxonomy":"post_tag","embeddable":true,"href":"https:\/\/zjarr.tv\/sq\/wp-json\/wp\/v2\/tags?post=114828"}],"curies":[{"name":"wp","href":"https:\/\/api.w.org\/{rel}","templated":true}]}}