{"id":114883,"date":"2019-11-20T17:20:57","date_gmt":"2019-11-20T16:20:57","guid":{"rendered":"https:\/\/zjarr.tv\/?p=114883"},"modified":"2019-11-20T16:22:11","modified_gmt":"2019-11-20T15:22:11","slug":"dita-e-flamurit-ramush-haradinaj-firmos-vendimin-28-nentori-dite-pushimi-edhe-ne-kosove","status":"publish","type":"post","link":"https:\/\/zjarr.tv\/sq\/dita-e-flamurit-ramush-haradinaj-firmos-vendimin-28-nentori-dite-pushimi-edhe-ne-kosove\/","title":{"rendered":"Dita e Flamurit\/ Ramush Haradinaj firmos vendimin: 28 N\u00ebntori, dit\u00eb pushimi edhe n\u00eb Kosov\u00eb."},"content":{"rendered":"<p>Kryeministri n\u00eb detyr\u00eb i Kosov\u00ebs, Ramush Haradianj ka vendosur q\u00eb 28 n\u00ebntori, Dita e Flamurit, t\u00eb shpallet dit\u00eb pushimi edhe n\u00eb territorin e Kosov\u00ebs.<\/p>\n<p>\u201cMe rastin e Dit\u00ebs s\u00eb Flamurit, mb\u00ebshtetur n\u00eb Ligjin p\u00ebr Festat Zyrtare, kam marr\u00eb vendim q\u00eb 28 N\u00ebntori, t\u00eb shpallet dit\u00eb pushimi n\u00eb territorin e Republik\u00ebs s\u00eb Kosov\u00ebs, p\u00ebr t\u2019i respektuar vlerat e tradit\u00ebs komb\u00ebtare shqiptare. Vendimi, q\u00eb 28 N\u00ebntori t\u00eb jet\u00eb dit\u00eb pushimi, \u00ebsht\u00eb i motivuar nga aspekti historik, tradicional dhe politik.<\/p>\n","protected":false},"excerpt":{"rendered":"<p>Kryeministri n\u00eb detyr\u00eb i Kosov\u00ebs, Ramush Haradianj ka vendosur q\u00eb 28 n\u00ebntori, Dita e Flamurit, t\u00eb shpallet dit\u00eb pushimi edhe n\u00eb territorin e Kosov\u00ebs. \u201cMe rastin e Dit\u00ebs s\u00eb Flamurit, mb\u00ebshtetur n\u00eb Ligjin p\u00ebr Festat Zyrtare, kam marr\u00eb vendim q\u00eb 28 N\u00ebntori, t\u00eb shpallet dit\u00eb pushimi n\u00eb territorin e Republik\u00ebs s\u00eb Kosov\u00ebs, p\u00ebr t\u2019i respektuar [&hellip;]<\/p>\n","protected":false},"author":2013,"featured_media":38859,"comment_status":"open","ping_status":"closed","sticky":false,"template":"","format":"standard","meta":{"footnotes":""},"categories":[241,2],"tags":[],"class_list":{"0":"post-114883","1":"post","2":"type-post","3":"status-publish","4":"format-standard","5":"has-post-thumbnail","7":"category-aktualitet","8":"category-rajoni"},"_links":{"self":[{"href":"https:\/\/zjarr.tv\/sq\/wp-json\/wp\/v2\/posts\/114883","targetHints":{"allow":["GET"]}}],"collection":[{"href":"https:\/\/zjarr.tv\/sq\/wp-json\/wp\/v2\/posts"}],"about":[{"href":"https:\/\/zjarr.tv\/sq\/wp-json\/wp\/v2\/types\/post"}],"author":[{"embeddable":true,"href":"https:\/\/zjarr.tv\/sq\/wp-json\/wp\/v2\/users\/2013"}],"replies":[{"embeddable":true,"href":"https:\/\/zjarr.tv\/sq\/wp-json\/wp\/v2\/comments?post=114883"}],"version-history":[{"count":0,"href":"https:\/\/zjarr.tv\/sq\/wp-json\/wp\/v2\/posts\/114883\/revisions"}],"wp:featuredmedia":[{"embeddable":true,"href":"https:\/\/zjarr.tv\/sq\/wp-json\/wp\/v2\/media\/38859"}],"wp:attachment":[{"href":"https:\/\/zjarr.tv\/sq\/wp-json\/wp\/v2\/media?parent=114883"}],"wp:term":[{"taxonomy":"category","embeddable":true,"href":"https:\/\/zjarr.tv\/sq\/wp-json\/wp\/v2\/categories?post=114883"},{"taxonomy":"post_tag","embeddable":true,"href":"https:\/\/zjarr.tv\/sq\/wp-json\/wp\/v2\/tags?post=114883"}],"curies":[{"name":"wp","href":"https:\/\/api.w.org\/{rel}","templated":true}]}}