{"id":115409,"date":"2019-11-24T17:40:32","date_gmt":"2019-11-24T16:40:32","guid":{"rendered":"https:\/\/zjarr.tv\/?p=115409"},"modified":"2019-11-24T13:12:13","modified_gmt":"2019-11-24T12:12:13","slug":"haradinaj-nese-albin-kurti-heq-taksen-ndaj-serbise-serbia-do-tallet-me-te","status":"publish","type":"post","link":"https:\/\/zjarr.tv\/sq\/haradinaj-nese-albin-kurti-heq-taksen-ndaj-serbise-serbia-do-tallet-me-te\/","title":{"rendered":"Haradinaj: N\u00ebse Albin Kurti heq taks\u00ebn ndaj Serbis\u00eb, Serbia do tallet me t\u00eb"},"content":{"rendered":"<p>Kryeministri n\u00eb detyr\u00eb, Ramush Haradinaj thot\u00eb se n\u00ebse Albin Kurti dhe Vjosa Osmani, heqin taks\u00ebn ndaj Serbis\u00eb do t\u00eb ishte e pafalshme dhe se me ata do t\u00eb talleshin bashk\u00ebsia nd\u00ebrkomb\u00ebtare e Serbia.<\/p>\n<p>Ai shton se heqja e taks\u00ebs \u00ebsht\u00eb ekuivalent me Gjykat\u00ebn Speciale.<\/p>\n<p>Haradinaj deklaron se plot q\u00ebndrime jan\u00eb mashtrim t\u00eb Kurtit dhe t\u00eb Vet\u00ebvendosjes. Nd\u00ebrsa, n\u00eb rast se d\u00ebshton krijimi i institucioneve t\u00eb vendit, si Aleanc\u00eb do t\u00eb shkojn\u00eb t\u00eb vet\u00ebm n\u00eb zgjedhje.<\/p>\n<div id=\"rekl-13\">\n<div id=\"__sap-ad-15\" class=\"__sap-ads __sap-html tracked\" data-title=\"Credins desktop 08\"><ins><\/p>\n<div id=\"beacon_2ba0cf40f4\"><\/div>\n<p><\/ins><\/div>\n<\/div>\n<p>Haradinaj n\u00eb intervist\u00ebn p\u00ebr KosovaPress ka folur edhe p\u00ebr rezultatin q\u00eb Aleanca p\u00ebr Ardhm\u00ebrin\u00eb e Kosov\u00ebs ka marr\u00eb n\u00eb zgjedhjet e 6 tetorit, si do t\u00eb jen\u00eb si opozit\u00eb dhe si do t\u00eb veprojn\u00eb n\u00ebse vendi shkon prap\u00eb n\u00eb zgjedhje.<\/p>\n<p>Haradinaj thot\u00eb se largimi i taks\u00ebs \u00ebsht\u00eb gabim kur Serbia po vazhdon t\u2019i p\u00ebrkeq\u00ebsoj\u00eb raportet ndaj Kosov\u00ebs. Sipas tij, largimi i taks\u00ebs 100 p\u00ebrqind ndaj produkteve t\u00eb Serbis\u00eb do t\u00eb ishte n\u00eb d\u00ebm t\u00eb prodhuesve vendor\u00eb, q\u00eb gjat\u00eb k\u00ebsaj kohe kan\u00eb sh\u00ebnuar rritje n\u00eb prodhim e pun\u00ebsim.<\/p>\n<p>Sa i p\u00ebrket asaj q\u00eb kryetari i L\u00ebvizjes Vet\u00ebvendosje dhe pretendenti p\u00ebr kryeminist\u00ebr t\u00eb vendit, Albin Kurti, kishte deklaruar se ndaj Serbis\u00eb do t\u00eb vendosej masa e reciprocitetit, Haradinaj thot\u00eb se taksa dhe reciprociteti mund t\u00eb funksionojn\u00eb s\u00eb bashku.<\/p>\n<p>L\u00ebvizja Vet\u00ebvendosje si partia m\u00eb e votuar n\u00eb zgjedhjet e 6 tetorit dhe Lidhja Demokratike e Kosov\u00ebs si partia e dyt\u00eb, aktualisht jan\u00eb duke zhvilluar takime p\u00ebr krijimin e qeveris\u00eb s\u00eb re t\u00eb Kosov\u00ebs. P\u00ebr k\u00ebto takime, kryeministri n\u00eb detyr\u00eb Ramush Haradinaj, thot\u00eb se jan\u00eb normale, por thot\u00eb se shihet se ka disa v\u00ebshtir\u00ebsi n\u00eb arritjen e marr\u00ebveshjes mes k\u00ebtyre dy partive.<\/p>\n<p>Haradinaj ka rip\u00ebrs\u00ebritur q\u00ebndrimin e tij se Vet\u00ebvendosja dhe kryetari i saj Albin Kurti jan\u00eb mashtrues, ku ai thot\u00eb se plot q\u00ebndrime t\u00eb tij jan\u00eb mashtrime si\u00e7 \u00ebsht\u00eb rasti me taks\u00ebn e vendosur p\u00ebr produktet serbe.<\/p>\n<p>Megjithat\u00eb, ai thot\u00eb se \u00ebsht\u00eb i interesuar q\u00eb rezultati i zgjedhjeve t\u00eb 6 tetorit t\u00eb implementohet dhe t\u00eb krijohet qeveria e vendit, n\u00eb m\u00ebnyr\u00eb q\u00eb t\u00eb shihet se \u00e7far\u00eb sinjalesh do t\u00eb jap qeveria e re.<\/p>\n<p>Haradinaj n\u00eb intervist\u00ebn p\u00ebr KosovaPress thot\u00eb se Aleanca p\u00ebr Ardhm\u00ebrin\u00eb e Kosov\u00ebs do t\u00eb q\u00ebndroj\u00eb n\u00eb opozit\u00eb n\u00eb legjislatur\u00ebn e shtat\u00eb t\u00eb Kuvendit t\u00eb Kosov\u00ebs, por q\u00eb thot\u00eb se do t\u00eb mb\u00ebshtesin qeverin\u00eb e re n\u00eb temat q\u00eb i vler\u00ebsojn\u00eb si interes nacional.<\/p>\n<p>N\u00eb rast se d\u00ebshton krijimi i institucioneve t\u00eb vendit, kryetari i Aleanc\u00ebs p\u00ebr Ardhm\u00ebrin\u00eb e Kosov\u00ebs Ramush Haradinaj, thot\u00eb se do t\u00eb shkojn\u00eb t\u00eb vet\u00ebm n\u00eb zgjedhje. Ai ka mohuar edhe mund\u00ebsin\u00eb q\u00eb n\u00eb rast t\u00eb mbajtjes s\u00eb zgjedhjeve do t\u00eb b\u00ebj\u00eb nj\u00eb koalicion me Partin\u00eb Demokratike t\u00eb Kosov\u00ebs dhe Nism\u00ebn Socialdemokrate, si\u00e7 kishte b\u00ebr\u00eb n\u00eb vitin 2017.<\/p>\n<p>Haradinaj, nuk do t\u00eb jet\u00eb pjes\u00eb e legjislatur\u00ebs s\u00eb shtat\u00eb t\u00eb Kuvendit t\u00eb Kosov\u00ebs, pasi ka hequr dor\u00eb nga pozita e deputetit. K\u00ebt\u00eb vendim ai thot\u00eb se e ka marr\u00eb p\u00ebr shkak se do t\u00eb angazhohet m\u00eb shum\u00eb me partin\u00eb q\u00eb e udh\u00ebheq.<\/p>\n<p>Ai thot\u00eb se p\u00ebrgjat\u00eb koh\u00ebs sa ka qeverisur me vendin ka munguar n\u00eb pun\u00ebt e partis\u00eb dhe tash sipas tij \u00ebsht\u00eb koha q\u00eb t\u00eb kthehet n\u00eb terren dhe t\u00eb merret me deg\u00ebt dhe strukturat e Aleanc\u00ebs.<\/p>\n<p>Aleanca p\u00ebr Ardhm\u00ebrin\u00eb e Kosov\u00ebs n\u00eb zgjedhjet e 6 tetorit ka dal si partia e kat\u00ebrt, ku n\u00eb k\u00ebt\u00eb rezultat Haradinaj thot\u00eb se ka ndikuar pozita kund\u00ebrshtuese q\u00eb Aleanca dhe ai e kishin marr\u00eb n\u00eb shum\u00eb tema.<\/p>\n<p>Haradinaj ka mohuar se n\u00eb k\u00ebt\u00eb rezultat ka ndikuar koalicioni q\u00eb kishin b\u00ebr\u00eb me Partin\u00eb Socialdemokrate. Aleanca p\u00ebr Ardhm\u00ebrin\u00eb e Kosov\u00ebs n\u00eb zgjedhjet e 6 tetorit ka marr\u00eb 96.883 vota apo 11.48 p\u00ebrqind. Kujtojm\u00eb se vendi kishte shkuar n\u00eb zgjedhje t\u00eb parakohshme, pasi kryeministri Ramush Haradinaj kishte dh\u00ebn\u00eb dor\u00ebheqje pasi ishte ftuar nga Gjykata Speciale p\u00ebr intervistim.<\/p>\n","protected":false},"excerpt":{"rendered":"<p>Kryeministri n\u00eb detyr\u00eb, Ramush Haradinaj thot\u00eb se n\u00ebse Albin Kurti dhe Vjosa Osmani, heqin taks\u00ebn ndaj Serbis\u00eb do t\u00eb ishte e pafalshme dhe se me ata do t\u00eb talleshin bashk\u00ebsia nd\u00ebrkomb\u00ebtare e Serbia. Ai shton se heqja e taks\u00ebs \u00ebsht\u00eb ekuivalent me Gjykat\u00ebn Speciale. Haradinaj deklaron se plot q\u00ebndrime jan\u00eb mashtrim t\u00eb Kurtit dhe t\u00eb [&hellip;]<\/p>\n","protected":false},"author":2013,"featured_media":65661,"comment_status":"open","ping_status":"closed","sticky":false,"template":"","format":"standard","meta":{"footnotes":""},"categories":[241,2],"tags":[],"class_list":{"0":"post-115409","1":"post","2":"type-post","3":"status-publish","4":"format-standard","5":"has-post-thumbnail","7":"category-aktualitet","8":"category-rajoni"},"_links":{"self":[{"href":"https:\/\/zjarr.tv\/sq\/wp-json\/wp\/v2\/posts\/115409","targetHints":{"allow":["GET"]}}],"collection":[{"href":"https:\/\/zjarr.tv\/sq\/wp-json\/wp\/v2\/posts"}],"about":[{"href":"https:\/\/zjarr.tv\/sq\/wp-json\/wp\/v2\/types\/post"}],"author":[{"embeddable":true,"href":"https:\/\/zjarr.tv\/sq\/wp-json\/wp\/v2\/users\/2013"}],"replies":[{"embeddable":true,"href":"https:\/\/zjarr.tv\/sq\/wp-json\/wp\/v2\/comments?post=115409"}],"version-history":[{"count":0,"href":"https:\/\/zjarr.tv\/sq\/wp-json\/wp\/v2\/posts\/115409\/revisions"}],"wp:featuredmedia":[{"embeddable":true,"href":"https:\/\/zjarr.tv\/sq\/wp-json\/wp\/v2\/media\/65661"}],"wp:attachment":[{"href":"https:\/\/zjarr.tv\/sq\/wp-json\/wp\/v2\/media?parent=115409"}],"wp:term":[{"taxonomy":"category","embeddable":true,"href":"https:\/\/zjarr.tv\/sq\/wp-json\/wp\/v2\/categories?post=115409"},{"taxonomy":"post_tag","embeddable":true,"href":"https:\/\/zjarr.tv\/sq\/wp-json\/wp\/v2\/tags?post=115409"}],"curies":[{"name":"wp","href":"https:\/\/api.w.org\/{rel}","templated":true}]}}