{"id":115445,"date":"2019-11-24T19:00:27","date_gmt":"2019-11-24T18:00:27","guid":{"rendered":"https:\/\/zjarr.tv\/?p=115445"},"modified":"2019-11-24T13:56:08","modified_gmt":"2019-11-24T12:56:08","slug":"zgjedhje-elektorale-ne-hong-kong-protestuesit-kerkojne-te-dergojne-nje-mesazh-permes-votes","status":"publish","type":"post","link":"https:\/\/zjarr.tv\/sq\/zgjedhje-elektorale-ne-hong-kong-protestuesit-kerkojne-te-dergojne-nje-mesazh-permes-votes\/","title":{"rendered":"Zgjedhje elektorale n\u00eb Hong Kong, protestuesit k\u00ebrkojn\u00eb t\u00eb d\u00ebrgojn\u00eb nj\u00eb mesazh p\u00ebrmes vot\u00ebs"},"content":{"rendered":"<p>Pas pes\u00eb muajsh protesta anti-qeveritare, sot do t\u00eb mbahen zgjedhje t\u00eb parakohshme n\u00eb Hong Kong.<\/p>\n<p>N\u00eb votime jan\u00eb regjistruar tashm\u00eb rreth 4.1 milion persona, m\u00eb shum\u00eb se gjysma e popullsis\u00eb, ku jan\u00eb formuar dhe rradh\u00eb t\u00eb gjata jasht\u00eb qendrave t\u00eb votimit.<\/p>\n<p>N\u00ebp\u00ebrmjet tyre do t\u00eb zgjidhen pjes\u00ebtar\u00ebt e rinj t\u00eb k\u00ebshillit qeveritar si dhe Shefin Ekzekutiv t\u00eb Hong Kongut, nj\u00eb post q\u00eb aktualisht e mban Carrie Lam.<\/p>\n<p>M\u00eb shum\u00eb se 400 kandidat\u00eb do t\u00eb zgjidhen p\u00ebr t\u00eb formuar k\u00ebshillin e Hong Kongut.<\/p>\n<p>Q\u00eb n\u00eb or\u00ebt e para t\u00eb m\u00ebngjesit me qindra e mij\u00ebra protestues jan\u00eb mbledhur dhe kan\u00eb deklaruar se nuk do t\u00eb nd\u00ebrpresin n\u00eb asnj\u00eb moment procesin e votimit.<\/p>\n<p>K\u00ebto zgjedhje do t\u00eb sh\u00ebrbejn\u00eb si prov\u00eb q\u00eb pas fillimit t\u00eb protestave 5 muaj m\u00eb par\u00eb n\u00eb m\u00ebnyr\u00eb p\u00ebr t\u00eb treguar se sa do t\u00eb reflektoj\u00eb qeveria pas trazirave dhe k\u00ebrkesave t\u00eb shumta t\u00eb popullsis\u00eb.<\/p>\n","protected":false},"excerpt":{"rendered":"<p>Pas pes\u00eb muajsh protesta anti-qeveritare, sot do t\u00eb mbahen zgjedhje t\u00eb parakohshme n\u00eb Hong Kong. N\u00eb votime jan\u00eb regjistruar tashm\u00eb rreth 4.1 milion persona, m\u00eb shum\u00eb se gjysma e popullsis\u00eb, ku jan\u00eb formuar dhe rradh\u00eb t\u00eb gjata jasht\u00eb qendrave t\u00eb votimit. N\u00ebp\u00ebrmjet tyre do t\u00eb zgjidhen pjes\u00ebtar\u00ebt e rinj t\u00eb k\u00ebshillit qeveritar si dhe Shefin [&hellip;]<\/p>\n","protected":false},"author":2013,"featured_media":115446,"comment_status":"open","ping_status":"closed","sticky":false,"template":"","format":"standard","meta":{"footnotes":""},"categories":[241,191],"tags":[],"class_list":{"0":"post-115445","1":"post","2":"type-post","3":"status-publish","4":"format-standard","5":"has-post-thumbnail","7":"category-aktualitet","8":"category-bota"},"_links":{"self":[{"href":"https:\/\/zjarr.tv\/sq\/wp-json\/wp\/v2\/posts\/115445","targetHints":{"allow":["GET"]}}],"collection":[{"href":"https:\/\/zjarr.tv\/sq\/wp-json\/wp\/v2\/posts"}],"about":[{"href":"https:\/\/zjarr.tv\/sq\/wp-json\/wp\/v2\/types\/post"}],"author":[{"embeddable":true,"href":"https:\/\/zjarr.tv\/sq\/wp-json\/wp\/v2\/users\/2013"}],"replies":[{"embeddable":true,"href":"https:\/\/zjarr.tv\/sq\/wp-json\/wp\/v2\/comments?post=115445"}],"version-history":[{"count":0,"href":"https:\/\/zjarr.tv\/sq\/wp-json\/wp\/v2\/posts\/115445\/revisions"}],"wp:featuredmedia":[{"embeddable":true,"href":"https:\/\/zjarr.tv\/sq\/wp-json\/wp\/v2\/media\/115446"}],"wp:attachment":[{"href":"https:\/\/zjarr.tv\/sq\/wp-json\/wp\/v2\/media?parent=115445"}],"wp:term":[{"taxonomy":"category","embeddable":true,"href":"https:\/\/zjarr.tv\/sq\/wp-json\/wp\/v2\/categories?post=115445"},{"taxonomy":"post_tag","embeddable":true,"href":"https:\/\/zjarr.tv\/sq\/wp-json\/wp\/v2\/tags?post=115445"}],"curies":[{"name":"wp","href":"https:\/\/api.w.org\/{rel}","templated":true}]}}