{"id":115466,"date":"2019-11-24T15:54:54","date_gmt":"2019-11-24T14:54:54","guid":{"rendered":"https:\/\/zjarr.tv\/?p=115466"},"modified":"2019-11-24T15:54:54","modified_gmt":"2019-11-24T14:54:54","slug":"damiani-dhe-rudina-qe-asistohen-nga-borchardt-po-i-japin-duart-e-fundit-debatit-per-seksin-e-engjejve-patozi-flet-per-prapaskenat-politike","status":"publish","type":"post","link":"https:\/\/zjarr.tv\/sq\/damiani-dhe-rudina-qe-asistohen-nga-borchardt-po-i-japin-duart-e-fundit-debatit-per-seksin-e-engjejve-patozi-flet-per-prapaskenat-politike\/","title":{"rendered":"\u201cDamiani dhe Rudina, q\u00eb asistohen nga Borchardt po i japin duart e fundit debatit p\u00ebr seksin e engj\u00ebjve\u201d, Patozi flet p\u00ebr prapaskenat politike"},"content":{"rendered":"<p>Ish-deputeti i PD Astrit Patozi shprehet se politikan\u00ebt q\u00eb kan\u00eb mbajtur postet m\u00eb t\u00eb larta shtet\u00ebrore n\u00eb vend jan\u00eb super t\u00eb organizuar n\u00eb kaosin e luft\u00ebs s\u00eb tyre.<\/p>\n<p>Patozi thekson se tre prej tyre kan\u00eb nisur luft\u00ebn personale, secili p\u00ebr hesap t\u00eb tij. P\u00ebr Patozin, kemi nj\u00eb kaos q\u00eb prodhohet kryesisht nga tre politikan\u00eb dhe nj\u00eb popull q\u00eb \u00ebsht\u00eb i shp\u00ebrqendruar ndaj k\u00ebtij realiteti t\u00eb hidhur.<\/p>\n<p>Astrit Patozi po ashtu vler\u00ebson se\u00a0n\u00eb prapasken\u00eb po p\u00ebrgatitet reforma zgjedhore n\u00eb m\u00ebnyr\u00eb q\u00eb asgj\u00eb t\u00eb mos ndryshoj\u00eb.<\/p>\n<p><strong>Postimi i Astrit Patozit:<\/strong><\/p>\n<p>T\u00cb SUPERORGANIZUAR N\u00cb KAOSIN E LUFT\u00cbS S\u00cb TYRE<\/p>\n<p>Vini re sa t\u00eb organizuar jan\u00eb n\u00eb spontanitetin dhe kaosin e luft\u00ebs s\u00eb eg\u00ebr midis tyre!<\/p>\n<div id=\"pa_1x1_psbk_1574607274329\"><\/div>\n<p>I pari ka vendosur ta mbroj\u00eb kushtetut\u00ebn me trupin e vet, qoft\u00eb edhe i vet\u00ebm n\u00eb nj\u00eb betej\u00eb titanike, ku \u00ebsht\u00eb zbuluar se pala\u00e7ot nd\u00ebrkomb\u00ebtar\u00eb jan\u00eb duke flirtuar me armikun.<\/p>\n<p>I dyti na thot\u00eb t\u00eb \u00ebnd\u00ebrrojm\u00eb mrekullin\u00eb, q\u00eb do t\u00eb shp\u00ebrthej\u00eb n\u00eb \u201cShqip\u00ebrin\u00eb q\u00eb duam\u201d, duke na tundur para syve flamurin e rreckosur t\u00eb nj\u00eb drejt\u00ebsie t\u00eb munguar, e cila do t\u00eb vonoj\u00eb, por nuk do t\u00eb harroj\u00eb.<\/p>\n<p>Nd\u00ebrsa i treti e ka marr\u00eb m\u00eb me nge, pasi \u00ebsht\u00eb duke na intriguar t\u00eb p\u00ebrfytyrojm\u00eb \u201cBag\u00ebti e bujq\u00ebsi\u201d t\u00eb Naim Frash\u00ebrit n\u00eb versionin digjital, sepse i kan\u00eb premtuar se dit\u00eb m\u00eb t\u00eb mira pask\u00ebtaj do t\u00eb vijn\u00eb.<\/p>\n<p>E nd\u00ebrkoh\u00eb q\u00eb populli nuk di ku t\u00eb p\u00ebrq\u00ebndrohet m\u00eb par\u00eb prej k\u00ebtij rivaliteti t\u00eb ashp\u00ebr, n\u00eb komisionin e Damianit dhe t\u00eb Rudin\u00ebs, q\u00eb asistohet fort nga ambasadori Borchardt, po i jepen duart e fundit debatit p\u00ebr seksin e engj\u00ebjve, n\u00eb m\u00ebnyr\u00eb q\u00eb asgj\u00eb thelb\u00ebsore t\u00eb mos ndryshoj\u00eb n\u00eb Republik\u00ebn ton\u00eb sovrane.<\/p>\n<p>Q\u00eb do t\u00eb thot\u00eb se me reform\u00ebn e re zgjedhore, si plot\u00ebsim i nj\u00ebrit prej kushteve t\u00eb Bundestagut, t\u00eb garantohet p\u00ebr t\u00eb pakt\u00ebn edhe 6 vjet t\u00eb tjera riprodhimi normal i p\u00ebrbindshave politik\u00eb, q\u00eb her\u00eb pas here na ftojn\u00eb t\u00eb p\u00ebrleshemi me nj\u00ebri-tjetrin p\u00ebr t\u00eb drejtat e tyre kushtetuese, kur ia shkel kund\u00ebrshtari.<\/p>\n","protected":false},"excerpt":{"rendered":"<p>Ish-deputeti i PD Astrit Patozi shprehet se politikan\u00ebt q\u00eb kan\u00eb mbajtur postet m\u00eb t\u00eb larta shtet\u00ebrore n\u00eb vend jan\u00eb super t\u00eb organizuar n\u00eb kaosin e luft\u00ebs s\u00eb tyre. Patozi thekson se tre prej tyre kan\u00eb nisur luft\u00ebn personale, secili p\u00ebr hesap t\u00eb tij. P\u00ebr Patozin, kemi nj\u00eb kaos q\u00eb prodhohet kryesisht nga tre politikan\u00eb dhe [&hellip;]<\/p>\n","protected":false},"author":2013,"featured_media":115520,"comment_status":"open","ping_status":"closed","sticky":false,"template":"","format":"standard","meta":{"footnotes":""},"categories":[241,235],"tags":[],"class_list":{"0":"post-115466","1":"post","2":"type-post","3":"status-publish","4":"format-standard","5":"has-post-thumbnail","7":"category-aktualitet","8":"category-vendi"},"_links":{"self":[{"href":"https:\/\/zjarr.tv\/sq\/wp-json\/wp\/v2\/posts\/115466","targetHints":{"allow":["GET"]}}],"collection":[{"href":"https:\/\/zjarr.tv\/sq\/wp-json\/wp\/v2\/posts"}],"about":[{"href":"https:\/\/zjarr.tv\/sq\/wp-json\/wp\/v2\/types\/post"}],"author":[{"embeddable":true,"href":"https:\/\/zjarr.tv\/sq\/wp-json\/wp\/v2\/users\/2013"}],"replies":[{"embeddable":true,"href":"https:\/\/zjarr.tv\/sq\/wp-json\/wp\/v2\/comments?post=115466"}],"version-history":[{"count":0,"href":"https:\/\/zjarr.tv\/sq\/wp-json\/wp\/v2\/posts\/115466\/revisions"}],"wp:featuredmedia":[{"embeddable":true,"href":"https:\/\/zjarr.tv\/sq\/wp-json\/wp\/v2\/media\/115520"}],"wp:attachment":[{"href":"https:\/\/zjarr.tv\/sq\/wp-json\/wp\/v2\/media?parent=115466"}],"wp:term":[{"taxonomy":"category","embeddable":true,"href":"https:\/\/zjarr.tv\/sq\/wp-json\/wp\/v2\/categories?post=115466"},{"taxonomy":"post_tag","embeddable":true,"href":"https:\/\/zjarr.tv\/sq\/wp-json\/wp\/v2\/tags?post=115466"}],"curies":[{"name":"wp","href":"https:\/\/api.w.org\/{rel}","templated":true}]}}