{"id":115493,"date":"2019-11-24T17:00:57","date_gmt":"2019-11-24T16:00:57","guid":{"rendered":"https:\/\/zjarr.tv\/?p=115493"},"modified":"2019-11-24T14:47:45","modified_gmt":"2019-11-24T13:47:45","slug":"mireserdhet-ne-katundin-tone-rai-reportazh-per-viziten-e-presidenti-meta-ne-kazalvekio-te-puljas","status":"publish","type":"post","link":"https:\/\/zjarr.tv\/sq\/mireserdhet-ne-katundin-tone-rai-reportazh-per-viziten-e-presidenti-meta-ne-kazalvekio-te-puljas\/","title":{"rendered":"\u201cMir\u00ebserdh\u00ebt n\u00eb katundin ton\u00eb\u201d, RAI reportazh p\u00ebr vizit\u00ebn e Presidenti Meta n\u00eb Kazalvekio t\u00eb Puljas"},"content":{"rendered":"<p>\u201cMir\u00ebserdh\u00ebt n\u00eb katundin ton\u00eb &#8211; Benvenuti a Casalve\u00e7hio di Puglia!\u201d<\/p>\n<p>Jemi n\u00eb nj\u00eb nga komunat ku Arb\u00ebresh\u00ebt kan\u00eb mbajtur gjall\u00eb kultur\u00ebn dhe gjuh\u00ebn e tyre tradicionale nd\u00ebr shekuj. Kasalvekio i Puljas, ose Kazallveq si\u00e7 e quajn\u00eb arb\u00ebresh\u00ebt, \u00ebsht\u00eb nj\u00eb komun\u00eb me rreth 1800 banor\u00eb. Origjina e k\u00ebtij fshati daton n\u00eb vitet 1400.<\/p>\n<p>Sot \u00ebsht\u00eb nj\u00eb dit\u00eb e ve\u00e7ant\u00eb p\u00ebr Arb\u00ebresh\u00ebt, pasi sot p\u00ebrfaq\u00ebsuesit e 9 komunave firmos\u00ebn mes tyre nj\u00eb Memorandum bashk\u00ebpunimi, p\u00ebr promovimin e identitetit dhe kultur\u00ebs Arb\u00ebreshe, ku i ftuar nderi \u00ebsht\u00eb Presidenti i Republik\u00ebs s\u00eb Shqip\u00ebris\u00eb, Ilir Meta.<\/p>\n<p>K\u00ebto jan\u00eb 9 komunat q\u00eb bashkohen p\u00ebr t\u00eb ruajtur identitetin e tyre kulturor (tregon hart\u00ebn). Jan\u00eb komuna t\u00eb cilat ndodhen gjeografikisht shum\u00eb larg me nj\u00ebra-tjetr\u00ebn, dhe kjo e v\u00ebshtir\u00ebson pak pun\u00ebn e p\u00ebrbashk\u00ebt.<\/p>\n<p><em>\u201cDuhet t\u00eb kujdesemi p\u00ebr mbrojtjen e kultur\u00ebs dhe origjin\u00ebs ton\u00eb, nj\u00eb pun\u00eb q\u00eb duhet t\u00eb filloj\u00eb nga moshat e vogla.\u00a0<\/em><\/p>\n<p><em>Ruajtja e gjuh\u00ebs \u00ebsht\u00eb fondamentale p\u00ebr k\u00ebt\u00eb q\u00ebllim, sigurisht fillon nga m\u00eb t\u00eb vegjlit, pastaj tek mosha e mesme dhe tek gjeneratat e tret, por gjuha \u00ebsht\u00eb shum\u00eb e r\u00ebnd\u00ebsishme q\u00eb t\u00eb ruhet n\u00eb m\u00ebnyr\u00eb fanatike\u201d,<\/em>\u00a0&#8211; thot\u00eb Kryetari i Komun\u00ebs s\u00eb Kazalvekios, z.Noe Andreano.<\/p>\n<p>F\u00ebmij\u00ebt e vegj\u00ebl Arb\u00ebresh jan\u00eb ata q\u00eb i uruan mir\u00ebseardhjen Presidentit Meta, duke k\u00ebnduar k\u00ebng\u00ebt n\u00eb gjuh\u00ebn Arb\u00ebreshe dhe duke val\u00ebvitur flamujt shqiptar.<\/p>\n<p>Nj\u00eb nga studentet q\u00eb mir\u00ebpriti Presidentin Meta, u shpreh se ato e m\u00ebsojn\u00eb gjuh\u00ebn Arb\u00ebreshe n\u00eb m\u00ebnyr\u00eb autodidakte n\u00eb sht\u00ebpi, por \u00ebsht\u00eb do ishte mir\u00eb q\u00eb ta m\u00ebsonim dhe n\u00eb shkoll\u00eb.<\/p>\n<p><em>\u201cJemi shum\u00eb krenar p\u00ebr gjith\u00e7ka a b\u00ebr\u00eb komuniteti Arb\u00ebresh n\u00eb gjith\u00eb k\u00ebto vite p\u00ebr \u00eb ruajtur trash\u00ebgimin\u00eb kulturore dhe gjuh\u00ebsore, por dhe p\u00ebr konsolidimin e marr\u00ebdh\u00ebnieve midis Shqip\u00ebris\u00eb dhe Italis\u00eb. Kultura Arb\u00ebreshe \u00ebsht\u00eb nj\u00eb trash\u00ebgimi jo vet\u00ebm p\u00ebr Italin\u00eb, por dhe p\u00ebr gjith\u00eb Europ\u00ebn\u201d<\/em>, &#8211; thot\u00eb Presidenti Meta.<\/p>\n<p>Pas mir\u00ebpritjes n\u00eb shesh p\u00ebr Presidentin Meta, u zhvillua konferenca p\u00ebr zhvillimin e marr\u00ebdh\u00ebnieve ekonomike e sociale mes komunave Arb\u00ebreshe dhe Shqip\u00ebris\u00eb. Qeveria shqiptare ka nd\u00ebrmarr\u00eb nj\u00eb strategji komb\u00ebtare p\u00ebr diaspor\u00ebn, q\u00eb i sheh emigrant\u00ebt e vet, qoft\u00eb edhe ato historik\u00eb si resurse.<\/p>\n<p><em>\u201cKa nj\u00eb rivitalizim t\u00eb marr\u00ebdh\u00ebnieve ku po synojn\u00eb fort institucionet shqiptare dhe atyre italiane n\u00eb p\u00ebrgjith\u00ebsi, por n\u00eb ve\u00e7anti t\u00eb komunave arb\u00ebreshe. Un\u00eb jam nj\u00eb nga pasardh\u00ebsit e heroit komb\u00ebtar t\u00eb Shqip\u00ebris\u00eb, Gjergj Kastrioti Sk\u00ebnderbeu\u201d,<\/em>\u00a0&#8211; thot\u00eb Loris Castriot Skanderbeg p\u00ebr mikrofonin e RAI 3.<\/p>\n<p>Firmosja e memorandumit t\u00eb bashk\u00ebpunimit ka p\u00ebrmbyllur m\u00ebngjesin e k\u00ebsaj dite. Tani ka nisur puna.<\/p>\n<p>&nbsp;<\/p>\n<p>&nbsp;<\/p>\n","protected":false},"excerpt":{"rendered":"<p>\u201cMir\u00ebserdh\u00ebt n\u00eb katundin ton\u00eb &#8211; Benvenuti a Casalve\u00e7hio di Puglia!\u201d Jemi n\u00eb nj\u00eb nga komunat ku Arb\u00ebresh\u00ebt kan\u00eb mbajtur gjall\u00eb kultur\u00ebn dhe gjuh\u00ebn e tyre tradicionale nd\u00ebr shekuj. Kasalvekio i Puljas, ose Kazallveq si\u00e7 e quajn\u00eb arb\u00ebresh\u00ebt, \u00ebsht\u00eb nj\u00eb komun\u00eb me rreth 1800 banor\u00eb. Origjina e k\u00ebtij fshati daton n\u00eb vitet 1400. Sot \u00ebsht\u00eb nj\u00eb [&hellip;]<\/p>\n","protected":false},"author":2013,"featured_media":115193,"comment_status":"open","ping_status":"closed","sticky":false,"template":"","format":"standard","meta":{"footnotes":""},"categories":[241,235],"tags":[],"class_list":{"0":"post-115493","1":"post","2":"type-post","3":"status-publish","4":"format-standard","5":"has-post-thumbnail","7":"category-aktualitet","8":"category-vendi"},"_links":{"self":[{"href":"https:\/\/zjarr.tv\/sq\/wp-json\/wp\/v2\/posts\/115493","targetHints":{"allow":["GET"]}}],"collection":[{"href":"https:\/\/zjarr.tv\/sq\/wp-json\/wp\/v2\/posts"}],"about":[{"href":"https:\/\/zjarr.tv\/sq\/wp-json\/wp\/v2\/types\/post"}],"author":[{"embeddable":true,"href":"https:\/\/zjarr.tv\/sq\/wp-json\/wp\/v2\/users\/2013"}],"replies":[{"embeddable":true,"href":"https:\/\/zjarr.tv\/sq\/wp-json\/wp\/v2\/comments?post=115493"}],"version-history":[{"count":0,"href":"https:\/\/zjarr.tv\/sq\/wp-json\/wp\/v2\/posts\/115493\/revisions"}],"wp:featuredmedia":[{"embeddable":true,"href":"https:\/\/zjarr.tv\/sq\/wp-json\/wp\/v2\/media\/115193"}],"wp:attachment":[{"href":"https:\/\/zjarr.tv\/sq\/wp-json\/wp\/v2\/media?parent=115493"}],"wp:term":[{"taxonomy":"category","embeddable":true,"href":"https:\/\/zjarr.tv\/sq\/wp-json\/wp\/v2\/categories?post=115493"},{"taxonomy":"post_tag","embeddable":true,"href":"https:\/\/zjarr.tv\/sq\/wp-json\/wp\/v2\/tags?post=115493"}],"curies":[{"name":"wp","href":"https:\/\/api.w.org\/{rel}","templated":true}]}}